{"id":12,"date":"2009-05-27T19:25:00","date_gmt":"2009-05-27T19:25:00","guid":{"rendered":"http:\/\/blogs.ideal.es\/abocajarro\/?p=12"},"modified":"2009-05-27T19:25:00","modified_gmt":"2009-05-27T19:25:00","slug":"con-gatillo-cargado","status":"publish","type":"post","link":"https:\/\/blogs.ideal.es\/abocajarro\/2009\/05\/27\/con-gatillo-cargado\/","title":{"rendered":"Con el gatillo cargado"},"content":{"rendered":"<p>Cargo el arma. La amartillo y la acerco a apenas un par de cent\u00edmetros del objetivo. S\u00f3lo queda apretar el gatillo. A bocajarro. Un espacio en que comentar la actualidad de Ja\u00e9n. Lo que se ve, lo que se oye, lo que se huele, lo que se intuye. Lo que escuece, que dir\u00eda mi amigo \u00c1ngel del Arco. Tambi\u00e9n habr\u00e1 mimos, cuando sea menester. Un espacio que est\u00e1 abierto a la participaci\u00f3n de todos, y que pretende hacer disfrutar a algunos y sufrir a otros con palos saludables, aplausos fervorosos, comentarios jocosos, peque\u00f1as historias que conmueven en este Ja\u00e9n que disfrutamos y sufrimos. Espero que os guste. Y espero vuestra participaci\u00f3n. All\u00e1 vamos. A bocajarro. <\/p>\n","protected":false},"excerpt":{"rendered":"<p>Cargo el arma. La amartillo y la acerco a apenas un par de cent\u00edmetros del objetivo. S\u00f3lo queda apretar el gatillo. A bocajarro. Un espacio en que comentar la actualidad de Ja\u00e9n. Lo que se ve, lo que se oye, lo que se huele, lo que se intuye. Lo que escuece, que dir\u00eda mi amigo [&hellip;]<\/p>\n","protected":false},"author":6,"featured_media":0,"comment_status":"open","ping_status":"closed","sticky":false,"template":"","format":"standard","meta":[],"categories":[2],"tags":[],"_links":{"self":[{"href":"https:\/\/blogs.ideal.es\/abocajarro\/wp-json\/wp\/v2\/posts\/12"}],"collection":[{"href":"https:\/\/blogs.ideal.es\/abocajarro\/wp-json\/wp\/v2\/posts"}],"about":[{"href":"https:\/\/blogs.ideal.es\/abocajarro\/wp-json\/wp\/v2\/types\/post"}],"author":[{"embeddable":true,"href":"https:\/\/blogs.ideal.es\/abocajarro\/wp-json\/wp\/v2\/users\/6"}],"replies":[{"embeddable":true,"href":"https:\/\/blogs.ideal.es\/abocajarro\/wp-json\/wp\/v2\/comments?post=12"}],"version-history":[{"count":0,"href":"https:\/\/blogs.ideal.es\/abocajarro\/wp-json\/wp\/v2\/posts\/12\/revisions"}],"wp:attachment":[{"href":"https:\/\/blogs.ideal.es\/abocajarro\/wp-json\/wp\/v2\/media?parent=12"}],"wp:term":[{"taxonomy":"category","embeddable":true,"href":"https:\/\/blogs.ideal.es\/abocajarro\/wp-json\/wp\/v2\/categories?post=12"},{"taxonomy":"post_tag","embeddable":true,"href":"https:\/\/blogs.ideal.es\/abocajarro\/wp-json\/wp\/v2\/tags?post=12"}],"curies":[{"name":"wp","href":"https:\/\/api.w.org\/{rel}","templated":true}]}}