{"id":135,"date":"2010-06-11T09:58:00","date_gmt":"2010-06-11T09:58:00","guid":{"rendered":"http:\/\/blogs.ideal.es\/abocajarro\/?p=135"},"modified":"2010-06-11T09:58:00","modified_gmt":"2010-06-11T09:58:00","slug":"muerte-subita-un-bebe","status":"publish","type":"post","link":"https:\/\/blogs.ideal.es\/abocajarro\/2010\/06\/11\/muerte-subita-un-bebe\/","title":{"rendered":"Muerte s\u00fabita de un beb\u00e9"},"content":{"rendered":"<p>Ayer muri\u00f3 un beb\u00e9 en Ja\u00e9n. Un beb\u00e9 de entre tres y cuatro meses, me cuentan. Muerte s\u00fabida, seg\u00fan todos los indicios detectados por forenses y polic\u00edas que han hecho las investigaciones de rigor. Sus familiares lo llevaron al hospital nada m\u00e1s detectar que no respiraba. Pero ya era muy tarde. El ni\u00f1o hab\u00eda quedado a cargo de un hermano mayor. Viv\u00edan con la abuela. Una familia de origen colombiano, de las muchas que se han asentado en Ja\u00e9n en los \u00faltimos a\u00f1os para ganarse el pan. La madre llevaba un mes en Italia, donde al parecer le hab\u00eda salido un trabajo. La vida del emigrante. La abuela se encontraba fuera de la casa, trabajando. Fue el hermano quien se dio cuenta de lo que pasaba y que moviliz\u00f3 a la famila a la desesperada para intentar salvar al beb\u00e9. <\/p>\n<p>Estremece s\u00f3lo pensar en el impacto brutal que supone una muerte as\u00ed. Tan repentina, tan inexplicable. La muerte s\u00fabita es la primera causa de fallecimiento en ni\u00f1os de m\u00e1s de un mes en pa\u00edses desarrollados (un fallecido por cada 2.000 nacidos, aproximadamente). <A id=link_0 title=http:\/\/www.ideal.es\/jaen\/20090228\/jaen\/luto-muerte-subita-bebe-20090228.html href=\"http:\/\/www.ideal.es\/jaen\/20090228\/jaen\/luto-muerte-subita-bebe-20090228.html\">Desde 2008 me ha tocado informar de dos casos de muerte s\u00fabita anteriores en Ja\u00e9n, ambos ocurridos en guarder\u00edas<\/A>. Me acuerdo especialmente de febrero de 2009, un par de horas de guardia en la puerta de la guarder\u00eda Cervantes, en la Carrera. Ese d\u00eda percib\u00ed el terror de muchos padres, conscidentes de que le pod\u00eda haber tocado a cualquiera. El Miedo, con may\u00fasculas.<\/p>\n<p> Que descanse en paz el beb\u00e9, y que encuentre consuelo su familia, si es que \u00e9so es posible despu\u00e9s de una desgracia as\u00ed.<\/p>\n","protected":false},"excerpt":{"rendered":"<p>Ayer muri\u00f3 un beb\u00e9 en Ja\u00e9n. Un beb\u00e9 de entre tres y cuatro meses, me cuentan. Muerte s\u00fabida, seg\u00fan todos los indicios detectados por forenses y polic\u00edas que han hecho las investigaciones de rigor. Sus familiares lo llevaron al hospital nada m\u00e1s detectar que no respiraba. Pero ya era muy tarde. El ni\u00f1o hab\u00eda quedado [&hellip;]<\/p>\n","protected":false},"author":6,"featured_media":0,"comment_status":"open","ping_status":"closed","sticky":false,"template":"","format":"standard","meta":[],"categories":[2],"tags":[],"_links":{"self":[{"href":"https:\/\/blogs.ideal.es\/abocajarro\/wp-json\/wp\/v2\/posts\/135"}],"collection":[{"href":"https:\/\/blogs.ideal.es\/abocajarro\/wp-json\/wp\/v2\/posts"}],"about":[{"href":"https:\/\/blogs.ideal.es\/abocajarro\/wp-json\/wp\/v2\/types\/post"}],"author":[{"embeddable":true,"href":"https:\/\/blogs.ideal.es\/abocajarro\/wp-json\/wp\/v2\/users\/6"}],"replies":[{"embeddable":true,"href":"https:\/\/blogs.ideal.es\/abocajarro\/wp-json\/wp\/v2\/comments?post=135"}],"version-history":[{"count":0,"href":"https:\/\/blogs.ideal.es\/abocajarro\/wp-json\/wp\/v2\/posts\/135\/revisions"}],"wp:attachment":[{"href":"https:\/\/blogs.ideal.es\/abocajarro\/wp-json\/wp\/v2\/media?parent=135"}],"wp:term":[{"taxonomy":"category","embeddable":true,"href":"https:\/\/blogs.ideal.es\/abocajarro\/wp-json\/wp\/v2\/categories?post=135"},{"taxonomy":"post_tag","embeddable":true,"href":"https:\/\/blogs.ideal.es\/abocajarro\/wp-json\/wp\/v2\/tags?post=135"}],"curies":[{"name":"wp","href":"https:\/\/api.w.org\/{rel}","templated":true}]}}