{"id":137,"date":"2010-06-13T21:58:00","date_gmt":"2010-06-13T21:58:00","guid":{"rendered":"http:\/\/blogs.ideal.es\/abocajarro\/?p=137"},"modified":"2010-06-13T21:58:00","modified_gmt":"2010-06-13T21:58:00","slug":"saharauis-in-iura-merita","status":"publish","type":"post","link":"https:\/\/blogs.ideal.es\/abocajarro\/2010\/06\/13\/saharauis-in-iura-merita\/","title":{"rendered":"Saharauis, In Iura Merita"},"content":{"rendered":"<p>Los tiene bien puestos el fiscal Carlos F\u00e1brega. Me hace gracia que esa haya sido la expresi\u00f3n que se me ha venido a la cabeza para referirme a un tipo tan poco dado al conchabeo, a lo chabacano, al compadreo. Un tipo al que no hay quien saque del exquisito trato profesional y cordial que dispensa al que se acerca a su despacho en la Audiencia de Ja\u00e9n. Pero despu\u00e9s de leer el <A id=link_0 title=http:\/\/www.ideal.es\/jaen\/v\/20100614\/jaen\/fiscalia-jaen-sospecha-ordenes-20100614.html href=\"http:\/\/www.ideal.es\/jaen\/v\/20100614\/jaen\/fiscalia-jaen-sospecha-ordenes-20100614.html\">informe que firma F\u00e1brega sobre los manejos del Gobierno para expulsar a los saharauis y contentar a Marruecos<\/A>, lo que se ha venido a la cabeza es que los tiene bien puestos.<\/p>\n<p>En pocas personas he percibido con la intensidad que en F\u00e1brega el sentido de la obligaci\u00f3n y el deber que conlleva vestir la toga, aunque aunque le lleve directo a pisar charcos de profundidades insondables como \u00e9ste de los saharauis. &#8220;El derecho s\u00f3lo es aceptable si sirve para acabar con las injusticias. Parafraseando a Allende, para abrir las alamedas por donde pasee el hombre libre&#8221;, dijo una vez en un discurso. Si no escribe lo que piensa en su informe, revienta. Hijo de un prestigioso abogado de Ja\u00e9n, casado con una fiscal, profesor universitario, referencia en lo que se refiere a derecho sobre los m\u00e1s desfavorecidos, escritor, poeta, y en palabras de su jefe, el fiscal jefe Jos\u00e9 Mar\u00eda Casado, un hombre que hace trabajos al alcance de personas dotadas &#8220;de una sensibilidad especial&#8221;<\/p>\n<p>Hace ya a\u00f1os escrib\u00ed sobre F\u00e1brega que era &#8220;el Fiscal de los desamparados&#8221;. El hombre en quien la sociedad jienense conf\u00eda como guardi\u00e1n \u00faltimo de los derechos de los discapacitados, de las personas que no pueden valerse por s\u00ed mismas, de los menores sin nadie que los defienda, de los extranjeros. Que los medios de comunicaci\u00f3n chismorren con los secretillos del Gobierno, tiene un pase. Pero que un fiscal condecorado con la Cruz Distinguida de Primera Clase de la Orden de San Raimundo de Pe\u00f1afort a propuesta de la Sala de lo Civil del Tribunal Supremo ponga por escrito en un informe oficial sus sospechas, es algo muy serio.<\/p>\n<p>Adem\u00e1s de sus impresiones jur\u00eddicas, F\u00e1brega escribe en la Memoria de la Fiscal\u00eda sus opiniones personales sobre el asunto de los saharauis.  <P style=\"MARGIN-BOTTOM: 0cm; LINE-HEIGHT: 150%\" align=justify>&#8220;No queremos aventurar opiniones personales al respecto pero si queremos decir que, por razones vitales del que esto suscribe, nos parece esta pol\u00edtica restrictiva poco coherente y poco solidaria con un pueblo que ha formado parte integrante de nuestra comunidad y al que abandonamos por la puerta de atr\u00e1s sin llevar a cabo una verdadera descolonizaci\u00f3n lo que hace que algunos afirman que, al abandonarse el territorio y no a la poblaci\u00f3n, siguen siendo a todos los efectos ciudadanos espa\u00f1oles. Nosotros si queremos que su condici\u00f3n de ap\u00e1tridas esta clara y totalmente admitida en nuestro derecho y que hay razones m\u00e1s que suficientes para considerar el Sahara durante el tiempo que perteneci\u00f3 a nuestro pa\u00eds como territorio espa\u00f1ol, por lo que estar\u00edamos ante ap\u00e1tridas nacidos en territorio espa\u00f1ol y, por ello, ante espa\u00f1oles <I>ius soli<\/I> cuando de los nacidos en esa \u00e9poca se trata&#8221;. <\/p>\n<p> <P style=\"MARGIN-BOTTOM: 0cm; LINE-HEIGHT: 150%\" align=justify>Lo dicho: los tiene bien puestos. Los finos juristas lo dir\u00edan de otra manera, como cuando le dieron la medalla de San Raimundo con la inscripci\u00f3n &#8216;In Iura Merita&#8217;. En m\u00e9rito a la Justicia.<\/p>\n<p> <P style=\"MARGIN-BOTTOM: 0cm; LINE-HEIGHT: 150%\" align=justify>En la foto, de Piqui, el Fiscal Jos\u00e9 Mar\u00eda Casado impone a Crist\u00f3bal F\u00e1brega la Cruz de San Raimundo en 2006<\/p>\n<p> <P style=\"MARGIN-BOTTOM: 0cm; LINE-HEIGHT: 150%\" align=justify><IMG id=img_0 src=\"\/\/farm5.static.flickr.com\/4052\/4696697267_964f43fbb6.jpg\"><\/p>\n","protected":false},"excerpt":{"rendered":"<p>Los tiene bien puestos el fiscal Carlos F\u00e1brega. Me hace gracia que esa haya sido la expresi\u00f3n que se me ha venido a la cabeza para referirme a un tipo tan poco dado al conchabeo, a lo chabacano, al compadreo. Un tipo al que no hay quien saque del exquisito trato profesional y cordial que [&hellip;]<\/p>\n","protected":false},"author":6,"featured_media":0,"comment_status":"open","ping_status":"closed","sticky":false,"template":"","format":"standard","meta":[],"categories":[2],"tags":[148],"_links":{"self":[{"href":"https:\/\/blogs.ideal.es\/abocajarro\/wp-json\/wp\/v2\/posts\/137"}],"collection":[{"href":"https:\/\/blogs.ideal.es\/abocajarro\/wp-json\/wp\/v2\/posts"}],"about":[{"href":"https:\/\/blogs.ideal.es\/abocajarro\/wp-json\/wp\/v2\/types\/post"}],"author":[{"embeddable":true,"href":"https:\/\/blogs.ideal.es\/abocajarro\/wp-json\/wp\/v2\/users\/6"}],"replies":[{"embeddable":true,"href":"https:\/\/blogs.ideal.es\/abocajarro\/wp-json\/wp\/v2\/comments?post=137"}],"version-history":[{"count":0,"href":"https:\/\/blogs.ideal.es\/abocajarro\/wp-json\/wp\/v2\/posts\/137\/revisions"}],"wp:attachment":[{"href":"https:\/\/blogs.ideal.es\/abocajarro\/wp-json\/wp\/v2\/media?parent=137"}],"wp:term":[{"taxonomy":"category","embeddable":true,"href":"https:\/\/blogs.ideal.es\/abocajarro\/wp-json\/wp\/v2\/categories?post=137"},{"taxonomy":"post_tag","embeddable":true,"href":"https:\/\/blogs.ideal.es\/abocajarro\/wp-json\/wp\/v2\/tags?post=137"}],"curies":[{"name":"wp","href":"https:\/\/api.w.org\/{rel}","templated":true}]}}