{"id":138,"date":"2010-06-16T20:57:00","date_gmt":"2010-06-16T20:57:00","guid":{"rendered":"http:\/\/blogs.ideal.es\/abocajarro\/?p=138"},"modified":"2010-06-16T20:57:00","modified_gmt":"2010-06-16T20:57:00","slug":"un-metro-tubo","status":"publish","type":"post","link":"https:\/\/blogs.ideal.es\/abocajarro\/2010\/06\/16\/un-metro-tubo\/","title":{"rendered":"Un metro de tubo"},"content":{"rendered":"<p>Lleva varias semanas funcionando <A id=link_0 title=http:\/\/www.ideal.es\/jaen\/v\/20100522\/jaen\/camara-oscura-gratis-20100522.html href=\"http:\/\/www.ideal.es\/jaen\/v\/20100522\/jaen\/camara-oscura-gratis-20100522.html\">en Ja\u00e9n una c\u00e1mara oscura<\/A>. <A id=link_0 title=http:\/\/es.wikipedia.org\/wiki\/C%C3%A1mara_oscura href=\"http:\/\/es.wikipedia.org\/wiki\/C%C3%A1mara_oscura\">Un ingenio \u00f3ptico de lo m\u00e1s ingenioso<\/A>, mediante el cual se puede ver una panor\u00e1mica viva de Ja\u00e9n. La idea, magn\u00edfica para aprovechar una de las torres del auditorio de La Alameda. Las instalaciones, preciosas. El personal que las atiende, encantador. Se ve Ja\u00e9n como nunca se hab\u00eda visto antes. Merece la pena la visita, de verdad. Pero podia ser a\u00fan mejor. Falta un metro de tubo.<\/p>\n<p>He tenido la suerte de ver las c\u00e1maras oscuras de Tavira, en el Algarve portugu\u00e9s, y La Habana (de las hist\u00f3ricas me falta la de C\u00e1diz, en la que se inspira la cubana y que se llama Torre Tavira). Espero ver pronto la de Sevilla, Logro\u00f1o, J\u00e9rez y otras de las que tengo noticia. Pero no creo que haya ninguna en la que no se pueda aprovechar el efecto &#8216;zoom&#8217; que se consigue cuando se eleva la bandeja que hace de pantalla. Con el &#8216;zoom&#8217; se obtienen efectos graciosos, se puede uno asomar a una terraza donde una se\u00f1ora tiende ropa, espiar a los vejetes en la plaza, atisbar a los novios que se besan en un banco. Deleitarse con una panor\u00e1mica de una ciudad viva. Pero en la c\u00e1mara oscura de Ja\u00e9n no va el &#8216;zoom&#8217;. Desenfoca. Falta un metro de tubo.<\/p>\n<p>El emplazamiento de la c\u00e1mara de Ja\u00e9n me parece correcto. Por la ma\u00f1ana se ve la ciudad con luz intensa, al antardecer los paisajes son m\u00e1gicos. Pero parte de la panor\u00e1mica de 360 grados que ofrece la c\u00e1mara oscura no se aprovecha. La tapan los \u00e1rboles de La Alameda. Para elevar la vista sobre ellos falta un metro de tubo.<\/p>\n<p>(Dejo aqu\u00ed un v\u00eddeo que tomo prestado del blog <A id=link_0 title=http:\/\/blogs.ideal.es\/elcarretedigital\/posts href=\"http:\/\/blogs.ideal.es\/elcarretedigital\/posts\">El Carrete Digital, de Francis J. Cano<\/A>, para que os hag\u00e1is una idea de c\u00f3mo va el invento) <\/p>\n<p> <OBJECT style=\"BORDER-BOTTOM: 0px; BORDER-LEFT: 0px; MARGIN: 0px; BACKGROUND: none transparent scroll repeat 0% 0%; BORDER-TOP: 0px; BORDER-RIGHT: 0px\" width=480 height=385><PARAM NAME=\"movie\" VALUE=\"http:\/\/www.youtube-nocookie.com\/v\/73p_4t_i0RI&#038;hl=es_ES&#038;fs=1&#038;\"><PARAM NAME=\"allowFullScreen\" VALUE=\"true\"><PARAM NAME=\"allowscriptaccess\" VALUE=\"always\"> <embed   src=\"\/\/www.youtube-nocookie.com\/v\/73p_4t_i0RI&#038;hl=es_ES&#038;fs=1&#038;\" type=\"application\/x-shockwave-flash\" allowscriptaccess=\"always\" allowfullscreen=\"true\" width=\"480\" height=\"385\"><\/embed><\/OBJECT><\/p>\n","protected":false},"excerpt":{"rendered":"<p>Lleva varias semanas funcionando en Ja\u00e9n una c\u00e1mara oscura. Un ingenio \u00f3ptico de lo m\u00e1s ingenioso, mediante el cual se puede ver una panor\u00e1mica viva de Ja\u00e9n. La idea, magn\u00edfica para aprovechar una de las torres del auditorio de La Alameda. Las instalaciones, preciosas. El personal que las atiende, encantador. Se ve Ja\u00e9n como nunca [&hellip;]<\/p>\n","protected":false},"author":6,"featured_media":0,"comment_status":"open","ping_status":"closed","sticky":false,"template":"","format":"standard","meta":[],"categories":[2],"tags":[],"_links":{"self":[{"href":"https:\/\/blogs.ideal.es\/abocajarro\/wp-json\/wp\/v2\/posts\/138"}],"collection":[{"href":"https:\/\/blogs.ideal.es\/abocajarro\/wp-json\/wp\/v2\/posts"}],"about":[{"href":"https:\/\/blogs.ideal.es\/abocajarro\/wp-json\/wp\/v2\/types\/post"}],"author":[{"embeddable":true,"href":"https:\/\/blogs.ideal.es\/abocajarro\/wp-json\/wp\/v2\/users\/6"}],"replies":[{"embeddable":true,"href":"https:\/\/blogs.ideal.es\/abocajarro\/wp-json\/wp\/v2\/comments?post=138"}],"version-history":[{"count":0,"href":"https:\/\/blogs.ideal.es\/abocajarro\/wp-json\/wp\/v2\/posts\/138\/revisions"}],"wp:attachment":[{"href":"https:\/\/blogs.ideal.es\/abocajarro\/wp-json\/wp\/v2\/media?parent=138"}],"wp:term":[{"taxonomy":"category","embeddable":true,"href":"https:\/\/blogs.ideal.es\/abocajarro\/wp-json\/wp\/v2\/categories?post=138"},{"taxonomy":"post_tag","embeddable":true,"href":"https:\/\/blogs.ideal.es\/abocajarro\/wp-json\/wp\/v2\/tags?post=138"}],"curies":[{"name":"wp","href":"https:\/\/api.w.org\/{rel}","templated":true}]}}