{"id":139,"date":"2010-06-19T13:49:00","date_gmt":"2010-06-19T13:49:00","guid":{"rendered":"http:\/\/blogs.ideal.es\/abocajarro\/?p=139"},"modified":"2010-06-19T13:49:00","modified_gmt":"2010-06-19T13:49:00","slug":"rubalcaba-pajaro","status":"publish","type":"post","link":"https:\/\/blogs.ideal.es\/abocajarro\/2010\/06\/19\/rubalcaba-pajaro\/","title":{"rendered":"Rubalcaba, qu\u00e9 p\u00e1jaro"},"content":{"rendered":"<p>Manda la tradici\u00f3n en la Academia de la Guardia Civil de Baeza que cuando entra en el patio de armas la autoridad que preside el acto la banda ataque los sones de &#8216;Ah\u00ed viene el p\u00e1jaro, el p\u00e1jaro ya est\u00e1 aqu\u00ed&#8217;, que el p\u00fablico corea por lo bajini . No he podido inmortalizar el momento porque me entreten\u00edan dos guardias en el control de acreditaciones, y ten\u00edan \u00f3rdenes de que ning\u00fan periodista anduviera suelto por ah\u00ed, sin control de protocolo. &#8220;Y aqu\u00ed somos mucho de obedecer \u00f3rdenes&#8221;, me solt\u00f3 un guardia para cancelar mis apremios de llegar a las tribunas. Pues hoy el p\u00e1jaro en la entrega de despachos de la 115 promoci\u00f3n era Rubalcaba. Menudo p\u00e1jaro, pues se fue sin decir ni una palabra sobre los recortes de alumnos en la Academia: a partir de ahora, promociones de menos de 300 alumnos (actualmente sal\u00edan de m\u00e1s de 2.000). Ni en su discurso oficial habl\u00f3 del tema ni quiso hacer declaraciones a la prensa, y se fue de rositas en su helic\u00f3ptero.<\/p>\n<p>Rubalcaba ya quiso cargarse una de las se\u00f1as de identidad de la Guardia Civil, la fiesta del Pilar, y se dio en los alambres, pues su intento de instituir la fiesta del aniversario del cuerpo (lo quiso hacer en 2008) fracas\u00f3 de plano. Ahora, la Academia. El tema es m\u00e1s peliagudo de lo que parece, al margen de las implicaciones para la econom\u00eda dom\u00e9stica de Baeza: tres a\u00f1os con las promociones planteadas suponen 6.000 guardias menos en las comandancias de toda Espa\u00f1a. Y con la crisis, los \u00edndices de delincuencia est\u00e1n en niveles hist\u00f3ricos. Juntamos hambre con ganas de comer. <\/p>\n<p>En el v\u00eddeo, algunos momentos de la ceremonia de entrega de despachos, p\u00e1jaros aparte. Desfiles, condecoraci\u00f3n a Roberto Villaverde, el primero de la promoci\u00f3n, el primer discurso del nuevo director de la Academia, coronel Vicente P\u00e9rez, palabras de Rubalcaba, el disloque de las filas (la frase es mi favorita de la jerga castrense) y el muy sentido homenaje a los ca\u00eddos.<\/p>\n<p> <OBJECT  height=385 width=480><PARAM NAME=\"movie\" VALUE=\"http:\/\/www.youtube.com\/v\/pFBLzjWblTY&#038;hl=es_ES&#038;fs=1&#038;\"><PARAM NAME=\"allowFullScreen\" VALUE=\"true\"><PARAM NAME=\"allowscriptaccess\" VALUE=\"always\"> <embed   src=\"\/\/www.youtube.com\/v\/pFBLzjWblTY&#038;hl=es_ES&#038;fs=1&#038;\" type=\"application\/x-shockwave-flash\" allowscriptaccess=\"always\" allowfullscreen=\"true\" width=\"480\" height=\"385\"><\/embed><\/OBJECT><\/p>\n","protected":false},"excerpt":{"rendered":"<p>Manda la tradici\u00f3n en la Academia de la Guardia Civil de Baeza que cuando entra en el patio de armas la autoridad que preside el acto la banda ataque los sones de &#8216;Ah\u00ed viene el p\u00e1jaro, el p\u00e1jaro ya est\u00e1 aqu\u00ed&#8217;, que el p\u00fablico corea por lo bajini . No he podido inmortalizar el momento [&hellip;]<\/p>\n","protected":false},"author":6,"featured_media":0,"comment_status":"open","ping_status":"closed","sticky":false,"template":"","format":"standard","meta":[],"categories":[2],"tags":[],"_links":{"self":[{"href":"https:\/\/blogs.ideal.es\/abocajarro\/wp-json\/wp\/v2\/posts\/139"}],"collection":[{"href":"https:\/\/blogs.ideal.es\/abocajarro\/wp-json\/wp\/v2\/posts"}],"about":[{"href":"https:\/\/blogs.ideal.es\/abocajarro\/wp-json\/wp\/v2\/types\/post"}],"author":[{"embeddable":true,"href":"https:\/\/blogs.ideal.es\/abocajarro\/wp-json\/wp\/v2\/users\/6"}],"replies":[{"embeddable":true,"href":"https:\/\/blogs.ideal.es\/abocajarro\/wp-json\/wp\/v2\/comments?post=139"}],"version-history":[{"count":0,"href":"https:\/\/blogs.ideal.es\/abocajarro\/wp-json\/wp\/v2\/posts\/139\/revisions"}],"wp:attachment":[{"href":"https:\/\/blogs.ideal.es\/abocajarro\/wp-json\/wp\/v2\/media?parent=139"}],"wp:term":[{"taxonomy":"category","embeddable":true,"href":"https:\/\/blogs.ideal.es\/abocajarro\/wp-json\/wp\/v2\/categories?post=139"},{"taxonomy":"post_tag","embeddable":true,"href":"https:\/\/blogs.ideal.es\/abocajarro\/wp-json\/wp\/v2\/tags?post=139"}],"curies":[{"name":"wp","href":"https:\/\/api.w.org\/{rel}","templated":true}]}}