{"id":147,"date":"2010-07-05T20:46:00","date_gmt":"2010-07-05T20:46:00","guid":{"rendered":"http:\/\/blogs.ideal.es\/abocajarro\/?p=147"},"modified":"2010-07-05T20:46:00","modified_gmt":"2010-07-05T20:46:00","slug":"posado-50-grados","status":"publish","type":"post","link":"https:\/\/blogs.ideal.es\/abocajarro\/2010\/07\/05\/posado-50-grados\/","title":{"rendered":"Posado a 50 grados"},"content":{"rendered":"<p><FONT size=2><IMG id=img_0 src=\"\/\/farm5.static.flickr.com\/4094\/4765025464_b72c1e0b2e.jpg\"><\/p>\n<p>Si ven a Rafael Valdivielso y a Matilde Cruz en los peri\u00f3dicos y en las teles, van a saber lo que es capaz de hacer un pol\u00edtico por salir en una foto, o por que lo saquen en el Canal Sur. Los dos individuos citan a la prensa a las seis de la tarde donde acaban la v\u00edas del tranv\u00eda, al final del pol\u00edgono de Los Olivares, en un sitio sin apenas sombra. Como si no hubiera alerta naranja por calor. Y los dos se ponen debajo del primer poste de la catenaria que han plantado junto a las v\u00edas, a pleno sol. La prensa debat\u00eda sobre si estaban a cincuenta o sesenta grados, y se cruzaban apuestas para ver qui\u00e9n ten\u00eda valor para poner la mano encima de las traviesas, que literalmente estaban al rojo vivo. Y la Matilde y el Valdivieso (lleg\u00f3 en moto alardeando de fresquito, alegre bandolero) ah\u00ed plantados en las v\u00edas poniendo cara de satisfacci\u00f3n. Ni la Obreg\u00f3n hace tan bien un posado a cincuenta grados.<br \/>\n<\/FONT><\/p>\n<p><FONT size=2><IMG id=img_1 src=\"\/\/farm5.static.flickr.com\/4141\/4765030448_281b34e681.jpg\"><\/FONT><\/p>\n<p><IMG id=img_2 src=\"\/\/farm5.static.flickr.com\/4120\/4765027762_c8490993a6.jpg\"><br \/>\n<FONT size=2><\/p>\n<p>(Texto firmado por Mar\u00eda Capilla de la Calle en IDEAL. Fotos de Celia Mond\u00e9jar)<\/FONT><\/p>\n","protected":false},"excerpt":{"rendered":"<p>Si ven a Rafael Valdivielso y a Matilde Cruz en los peri\u00f3dicos y en las teles, van a saber lo que es capaz de hacer un pol\u00edtico por salir en una foto, o por que lo saquen en el Canal Sur. Los dos individuos citan a la prensa a las seis de la tarde donde [&hellip;]<\/p>\n","protected":false},"author":6,"featured_media":0,"comment_status":"open","ping_status":"closed","sticky":false,"template":"","format":"standard","meta":[],"categories":[2],"tags":[165],"_links":{"self":[{"href":"https:\/\/blogs.ideal.es\/abocajarro\/wp-json\/wp\/v2\/posts\/147"}],"collection":[{"href":"https:\/\/blogs.ideal.es\/abocajarro\/wp-json\/wp\/v2\/posts"}],"about":[{"href":"https:\/\/blogs.ideal.es\/abocajarro\/wp-json\/wp\/v2\/types\/post"}],"author":[{"embeddable":true,"href":"https:\/\/blogs.ideal.es\/abocajarro\/wp-json\/wp\/v2\/users\/6"}],"replies":[{"embeddable":true,"href":"https:\/\/blogs.ideal.es\/abocajarro\/wp-json\/wp\/v2\/comments?post=147"}],"version-history":[{"count":0,"href":"https:\/\/blogs.ideal.es\/abocajarro\/wp-json\/wp\/v2\/posts\/147\/revisions"}],"wp:attachment":[{"href":"https:\/\/blogs.ideal.es\/abocajarro\/wp-json\/wp\/v2\/media?parent=147"}],"wp:term":[{"taxonomy":"category","embeddable":true,"href":"https:\/\/blogs.ideal.es\/abocajarro\/wp-json\/wp\/v2\/categories?post=147"},{"taxonomy":"post_tag","embeddable":true,"href":"https:\/\/blogs.ideal.es\/abocajarro\/wp-json\/wp\/v2\/tags?post=147"}],"curies":[{"name":"wp","href":"https:\/\/api.w.org\/{rel}","templated":true}]}}