{"id":15,"date":"2009-06-09T11:33:00","date_gmt":"2009-06-09T11:33:00","guid":{"rendered":"http:\/\/blogs.ideal.es\/abocajarro\/?p=15"},"modified":"2009-06-09T11:33:00","modified_gmt":"2009-06-09T11:33:00","slug":"inercia","status":"publish","type":"post","link":"https:\/\/blogs.ideal.es\/abocajarro\/2009\/06\/09\/inercia\/","title":{"rendered":"Inercia"},"content":{"rendered":"<p>Los an\u00e1lisis de los resultados de las elecciones me ponen mareoso. No los entiendo. Si unos han ganado y otros han perdido, \u00bfc\u00f3mo puede ser todo tan complicado? En el Diccionario de la Real Academia de la Lengua Espa\u00f1ola he encontrado un concepto que puede ser de utilidad a mentes sencillas como la m\u00eda. Inercia.<\/p>\n<p> Incercia: flojedad, desidia, inacci\u00f3n. Incapacidad de los cuerpos para salir de un estado de reposo, para cambiar las condiciones de su movimiento o para cesar en \u00e9l, sin la intervenci\u00f3n de alguna fuerza.<\/p>\n<p> El concepto incercia explica la abstenci\u00f3n. Y el descalabro del PSOE en estos tiempos de crisis. Y la sangr\u00eda de votos que ha tenido en graneros tradicionales como Andaluc\u00eda. Y la clave del comportamiento de buena parte del electorado rural andaluz. Y por qu\u00e9 Arenas no se va a comer un col\u00edn en esta tierra. Inercia. <\/p>\n<p> \u00a1Diablos! He ca\u00eddo mi propia trampa. El mismo dato objetivo (la definici\u00f3n de incercia) me sirve para decir una cosa y la contraria. \u00bfParezco Paco Reyes y Garc\u00eda Anguita todo en uno? \u00bfMe estar\u00e9 volviendo un sesudo ex\u00e9geta? \u00bfTendr\u00e9 s\u00edndrome de tertuliano? \u00bfMe habr\u00e9 dejado llevar por la incercia de Miguel \u00c1ngel Rodr\u00edguez, Enric Sopena, Carlos Carnicero o Mar\u00eda Antonia Iglesias? Ahora resulta que el concepto incercia no aclara nada, sino que vale para todo. Es el &#8216;cillig bang&#8217; de los analistas.<\/p>\n<p> Ya puesto en el papel de analista, no me resisto a comentar algunos detalles que me han llamado la atenci\u00f3n:<\/p>\n<p> -En los anuncios de campa\u00f1a del PSOE he echado en falta a la guardia mora junto al cura y al neonazi. Le hubiesen dado un toque intercultural muy progre, a lo alianza de civilizaciones.<\/p>\n<p> -La l\u00ednea dura comunista pasea la momia de Lenin por la plaza de los pueblos, y castiga a las opciones menos dogm\u00e1ticas (le\u00e1se la l\u00ednea de la capital que lidera Jos\u00e9 Luis Cano).<\/p>\n<p> -22 personas (o lo que sean) han votado en la provincia la lista pro etarra a la que dejaron presentarse a los comicios.<\/p>\n<p> -Ojito a Uni\u00f3n Progreso y Democracia.<\/p>\n<p> -El PA del domingo pasado est\u00e1 ya casi al nivel del Partido del C\u00e1nnabis de hace cinco a\u00f1os.<\/p>\n<p> Por cierto, \u00bfpara qu\u00e9 se votaba? Eso s\u00ed que es inecia.<\/p>\n","protected":false},"excerpt":{"rendered":"<p>Los an\u00e1lisis de los resultados de las elecciones me ponen mareoso. No los entiendo. Si unos han ganado y otros han perdido, \u00bfc\u00f3mo puede ser todo tan complicado? En el Diccionario de la Real Academia de la Lengua Espa\u00f1ola he encontrado un concepto que puede ser de utilidad a mentes sencillas como la m\u00eda. Inercia. [&hellip;]<\/p>\n","protected":false},"author":6,"featured_media":0,"comment_status":"open","ping_status":"closed","sticky":false,"template":"","format":"standard","meta":[],"categories":[2],"tags":[],"_links":{"self":[{"href":"https:\/\/blogs.ideal.es\/abocajarro\/wp-json\/wp\/v2\/posts\/15"}],"collection":[{"href":"https:\/\/blogs.ideal.es\/abocajarro\/wp-json\/wp\/v2\/posts"}],"about":[{"href":"https:\/\/blogs.ideal.es\/abocajarro\/wp-json\/wp\/v2\/types\/post"}],"author":[{"embeddable":true,"href":"https:\/\/blogs.ideal.es\/abocajarro\/wp-json\/wp\/v2\/users\/6"}],"replies":[{"embeddable":true,"href":"https:\/\/blogs.ideal.es\/abocajarro\/wp-json\/wp\/v2\/comments?post=15"}],"version-history":[{"count":0,"href":"https:\/\/blogs.ideal.es\/abocajarro\/wp-json\/wp\/v2\/posts\/15\/revisions"}],"wp:attachment":[{"href":"https:\/\/blogs.ideal.es\/abocajarro\/wp-json\/wp\/v2\/media?parent=15"}],"wp:term":[{"taxonomy":"category","embeddable":true,"href":"https:\/\/blogs.ideal.es\/abocajarro\/wp-json\/wp\/v2\/categories?post=15"},{"taxonomy":"post_tag","embeddable":true,"href":"https:\/\/blogs.ideal.es\/abocajarro\/wp-json\/wp\/v2\/tags?post=15"}],"curies":[{"name":"wp","href":"https:\/\/api.w.org\/{rel}","templated":true}]}}