{"id":16,"date":"2009-06-12T13:27:00","date_gmt":"2009-06-12T13:27:00","guid":{"rendered":"http:\/\/blogs.ideal.es\/abocajarro\/?p=16"},"modified":"2009-06-12T13:27:00","modified_gmt":"2009-06-12T13:27:00","slug":"los-la-trece","status":"publish","type":"post","link":"https:\/\/blogs.ideal.es\/abocajarro\/2009\/06\/12\/los-la-trece\/","title":{"rendered":"Los de &#039;la Trece&#039;"},"content":{"rendered":"<p>Me hubiera gustado estar el s\u00e1bado en Linares para echar un rato con los polic\u00edas de la D\u00e9cimo Tercera Compa\u00f1\u00eda de Reserva General de la Enira. Los de &#8216;la Trece&#8217;, para los amigos y para muchos que no lo fueron tanto. Me hubiera gustado escuchar sus historias de viejos antidisturbios de la transici\u00f3n (la compa\u00f1\u00eda funcion\u00f3 entre 1974 y 1992), curtidos en mil batallas, en mil tornillazos disparados con tirachinas a diez metros, en ese zumbido -esa vibraci\u00f3n en el aire- que s\u00f3lo tiene la pedrada que va directa a tu cabeza, en el olor de la ropa y la carne quemada por cohetes y artilugios caseros que ten\u00edan a bien dedicarles progres de los sententa por las calles de Madrid, los batasunos de los ochenta en las batalla campales en el Puente de Deusto o frente a la central de Lem\u00f3niz, los desesperados trabajadores de los astilleros de Vigo o los santaneros a los que pon\u00eda en la puta calle el demonio amarillo aquel de &#8216;Saito&#8217;. Dif\u00edcil papel el de aquellos polic\u00edas, visto con treinta a\u00f1os de perspectiva. Habr\u00e1 quien diga que fueron el brazo armado del r\u00e9gimen. Lo cierto es que cumplieron igual a las \u00f3rdenes de gobiernos democr\u00e1ticos. Algunos de los que se hartaron de correr delante de ellos en los setenta, con las costillas bien medidas de un gomazo, les ordenaban en los ochenta que cargasen y saliese el sol por Antequera. Y los de &#8216;la Trece&#8217; a lo suyo. A ganarse el pan. A repartir. Y a taparse, que nunca se sabe. En casi veinte a\u00f1os, pocos fregados hubo en Espa\u00f1a que mereciesen tal nombre en los que no estuviesen ellos, dando o recibiendo. Que de todo hubo.<\/p>\n<p>&#8220;Eran otros tiempos. Tiempos dif\u00edciles&#8221;, me cuenta uno de esos funcionarios, ya jubilado. Ahora lleva una cobranza de asuntos funerarios, y se me antoja tan apacible y campechano que no se me hace verlo hace treinta a\u00f1os, con el uniforme gris o beige de otros tiempos, dando estopa. Tiempos en los que la orden del inmediato superior resultaba ser muy frecuentemente la de le\u00f1a al mono, y se ejecutaba sin concesiones a la galer\u00eda. Con profesionalidad. Abajo la visera del casco, bien embrazado el escudo, listos los botes de humo y las pelotas de goma. Y la porra en alto y buscado un costillar que acariciar. &#8220;No es algo que se cuente con alegr\u00eda, eran otros tiempos&#8221;, me insiste el polic\u00eda.<\/p>\n<p>Esos polic\u00edas saben bien que la debilidad se paga cara. En carne propia o en la de un compa\u00f1ero, que duele casi m\u00e1s. As\u00ed que, una vez dada la orden de cargar, el que se dejase a sus espaldas cualquier persona, animal o cosa que fuera capaz de andar, de lanzar una pedrada o empu\u00f1ar una barra de hierro pon\u00eda en peligro a toda la compa\u00f1\u00eda. L\u00f3gicamente, no daban lugar. Fuesen progres, batasunos o santaneros. Los de &#8216;la Trece&#8217; nunca se metieron en qui\u00e9n daba las \u00f3rdenes o por qu\u00e9. Aquello no era asunto suyo. Hicieron su trabajo y punto.<\/p>\n<p>Curiosamente, la base de &#8216;la Trece&#8217;, el poblado de la Enira en la Estaci\u00f3n de Linares-Baeza, tiene ya luz verde del Gobierno para convertirse en lugar de entrenamiento para antidisturbios de toda Espa\u00f1a y campo de pr\u00e1cticas y maniobras conjuntas para polic\u00edas extranjeras. De hecho, ya lleva a\u00f1os cumpliendo esa funci\u00f3n. Yo mismo estuve all\u00ed har\u00e1 m\u00e1s de un lustro, cuando la Polic\u00eda se preparaba para tundir a palos a los antiglobalizaci\u00f3n en una cumbre internacional en Barcelona. Hasta nos dejaron a los chicos de la prensa tirar pelotazos de goma. Son otros tiempos. Ya no se habla de le\u00f1a al mono sino de maniobras disuasorias, avance preventivo y otros eufemismos, que parece que vayan a repartir besos en la boca a la concurrencia y a darle pecho a los ni\u00f1os. Pero no creo que haya mucha diferencia cuando un antidisturbios de hoy se cala la visera del casco, embraza bien el escudo, levanta la porra y echa a correr en l\u00ednea con sus compa\u00f1eros respecto al trabajo que hac\u00edan aquellos tipos de &#8216;la Trece&#8217;. Aunque son otros tiempos.<\/p>\n","protected":false},"excerpt":{"rendered":"<p>Me hubiera gustado estar el s\u00e1bado en Linares para echar un rato con los polic\u00edas de la D\u00e9cimo Tercera Compa\u00f1\u00eda de Reserva General de la Enira. Los de &#8216;la Trece&#8217;, para los amigos y para muchos que no lo fueron tanto. Me hubiera gustado escuchar sus historias de viejos antidisturbios de la transici\u00f3n (la compa\u00f1\u00eda [&hellip;]<\/p>\n","protected":false},"author":6,"featured_media":0,"comment_status":"open","ping_status":"closed","sticky":false,"template":"","format":"standard","meta":[],"categories":[2],"tags":[],"_links":{"self":[{"href":"https:\/\/blogs.ideal.es\/abocajarro\/wp-json\/wp\/v2\/posts\/16"}],"collection":[{"href":"https:\/\/blogs.ideal.es\/abocajarro\/wp-json\/wp\/v2\/posts"}],"about":[{"href":"https:\/\/blogs.ideal.es\/abocajarro\/wp-json\/wp\/v2\/types\/post"}],"author":[{"embeddable":true,"href":"https:\/\/blogs.ideal.es\/abocajarro\/wp-json\/wp\/v2\/users\/6"}],"replies":[{"embeddable":true,"href":"https:\/\/blogs.ideal.es\/abocajarro\/wp-json\/wp\/v2\/comments?post=16"}],"version-history":[{"count":0,"href":"https:\/\/blogs.ideal.es\/abocajarro\/wp-json\/wp\/v2\/posts\/16\/revisions"}],"wp:attachment":[{"href":"https:\/\/blogs.ideal.es\/abocajarro\/wp-json\/wp\/v2\/media?parent=16"}],"wp:term":[{"taxonomy":"category","embeddable":true,"href":"https:\/\/blogs.ideal.es\/abocajarro\/wp-json\/wp\/v2\/categories?post=16"},{"taxonomy":"post_tag","embeddable":true,"href":"https:\/\/blogs.ideal.es\/abocajarro\/wp-json\/wp\/v2\/tags?post=16"}],"curies":[{"name":"wp","href":"https:\/\/api.w.org\/{rel}","templated":true}]}}