{"id":163,"date":"2010-09-06T17:47:00","date_gmt":"2010-09-06T17:47:00","guid":{"rendered":"http:\/\/blogs.ideal.es\/abocajarro\/?p=163"},"modified":"2010-09-06T17:47:00","modified_gmt":"2010-09-06T17:47:00","slug":"el-nino-cristian-cinco-anos-despues","status":"publish","type":"post","link":"https:\/\/blogs.ideal.es\/abocajarro\/2010\/09\/06\/el-nino-cristian-cinco-anos-despues\/","title":{"rendered":"El ni\u00f1o Cristian, cinco a\u00f1os despu\u00e9s"},"content":{"rendered":"<p>Copio y pego un correo que me hace llegar la madre del ni\u00f1o Cristian, el ni\u00f1o que muri\u00f3 en 2005 tras caerle encima una porter\u00eda en las pistas deportivas de La Glorieta. El tema lo he tocado ya varias veces en el peri\u00f3dico (pinchar <A id=link_0 title=http:\/\/www.ideal.es\/jaen\/v\/20100423\/jaen\/cristian-dias-despues-20100423.html href=\"http:\/\/www.ideal.es\/jaen\/v\/20100423\/jaen\/cristian-dias-despues-20100423.html\">aqu\u00ed<\/A> para ver una de ellas), pero no me he podido resistir a reflejar en el blog las palabras de la madre del chaval: <\/p>\n<p>&#8220;JAEN 6\/9\/2010. Hola, escribo de nuevo viendo que el Ayuntamiento de Ja\u00e9n, o sea la alcaldesa, sigue mintiendo. A la fecha que estamos, ya mismo haran 5 a\u00f1os de la muerte de mi hijo Cristian. Voy a recordarles que todav\u00eda estamos esperando, mis abogados y yo, que se dicte resolucion expresa del expediente administrativo (para cobrar la indemnizaci\u00f3n que corresponda). Adem\u00e1s voy a abrir todas las v\u00edas, incluso pedir responsabilidad a los funcionarios que han estado tramitando el expediente. Recordarle tanto a la alcaldesa como a Jos\u00e9 Colmenero que en el mes de abril dijeron ya estaba dictada la resolucion y s\u00f3lo faltaba la firma. Eso me lo dijo personalmente. A ver si ahora no lo recuerdan por que tienen muchos fallos de memoria, dan su palabra que ya esta todo y media vuelta. Se les olvida, se\u00f1ores, que por algo est\u00e1n los periodicos, en los que salen dici\u00e9ndolo. A ver si es que la cabeza les va fallando. Pero a mi no, no se me olvida nada desde que vinieron a mi casa, me pidieron la minusval\u00eda m\u00eda y de mi hijo mayor para ayudarnos. Que me iban arregar el piso ya que hay humedades, y mi hijo es asm\u00e1tico, y que por lo de mi ni\u00f1o todo estaba ya. Vamos para 5 a\u00f1os, por Dios, qu\u00e9 verg\u00fcenza. Aqu\u00ed se ve la clase. Tambi\u00e9n decirles que hoy me ha llamado por telefono la consejera del gabinete del presidente del gobierno, PILAR PEREZ MAS. Indignada por que la alcaldesa la iba a mandar todos los informes. \u00bfCu\u00e1ndo, se\u00f1ora Carmen? \u00bfO es otro de sus olvidos? Ya son demasiados. Se me olvidaba: el defensor del pueblo se\u00f1or JOSE CHAMIZO DE LA RUBIA, lleva 6 meses pidi\u00e9ndole tambi\u00e9n todos los informes, y lo mismo: nada. Estos son los pol\u00edticos que tenemos preocupados por los ciudadanos de Ja\u00e9n. <\/p>\n<p>Lourdes Chica Ram\u00edrez&#8221;<\/p>\n","protected":false},"excerpt":{"rendered":"<p>Copio y pego un correo que me hace llegar la madre del ni\u00f1o Cristian, el ni\u00f1o que muri\u00f3 en 2005 tras caerle encima una porter\u00eda en las pistas deportivas de La Glorieta. El tema lo he tocado ya varias veces en el peri\u00f3dico (pinchar aqu\u00ed para ver una de ellas), pero no me he podido [&hellip;]<\/p>\n","protected":false},"author":6,"featured_media":0,"comment_status":"open","ping_status":"closed","sticky":false,"template":"","format":"standard","meta":[],"categories":[2],"tags":[46],"_links":{"self":[{"href":"https:\/\/blogs.ideal.es\/abocajarro\/wp-json\/wp\/v2\/posts\/163"}],"collection":[{"href":"https:\/\/blogs.ideal.es\/abocajarro\/wp-json\/wp\/v2\/posts"}],"about":[{"href":"https:\/\/blogs.ideal.es\/abocajarro\/wp-json\/wp\/v2\/types\/post"}],"author":[{"embeddable":true,"href":"https:\/\/blogs.ideal.es\/abocajarro\/wp-json\/wp\/v2\/users\/6"}],"replies":[{"embeddable":true,"href":"https:\/\/blogs.ideal.es\/abocajarro\/wp-json\/wp\/v2\/comments?post=163"}],"version-history":[{"count":0,"href":"https:\/\/blogs.ideal.es\/abocajarro\/wp-json\/wp\/v2\/posts\/163\/revisions"}],"wp:attachment":[{"href":"https:\/\/blogs.ideal.es\/abocajarro\/wp-json\/wp\/v2\/media?parent=163"}],"wp:term":[{"taxonomy":"category","embeddable":true,"href":"https:\/\/blogs.ideal.es\/abocajarro\/wp-json\/wp\/v2\/categories?post=163"},{"taxonomy":"post_tag","embeddable":true,"href":"https:\/\/blogs.ideal.es\/abocajarro\/wp-json\/wp\/v2\/tags?post=163"}],"curies":[{"name":"wp","href":"https:\/\/api.w.org\/{rel}","templated":true}]}}