{"id":172,"date":"2010-09-20T13:03:00","date_gmt":"2010-09-20T13:03:00","guid":{"rendered":"http:\/\/blogs.ideal.es\/abocajarro\/?p=172"},"modified":"2010-09-20T13:03:00","modified_gmt":"2010-09-20T13:03:00","slug":"y-que-este","status":"publish","type":"post","link":"https:\/\/blogs.ideal.es\/abocajarro\/2010\/09\/20\/y-que-este\/","title":{"rendered":"\u00bfY por qu\u00e9 \u00e9ste?"},"content":{"rendered":"<p>Una excavadora acaba de echar abajo un chal\u00e9 en Plaza de Armas, Puente Tablas. El primero, porque habr\u00e1 varios m\u00e1s. El propietario, en conversaci\u00f3n telef\u00f3nica la semana pasada, me relataba su impotencia por el hecho de que pared con pared a la suya hay otra casa sin condena de demolici\u00f3n, y que muchos otros de la zona tampoco ser\u00e1n derribados pese a ser tan furtivos como el suyo. M\u00e1s raz\u00f3n que un santo lleva. La falta de un criterio firme en los tribunales de justicia provoca situaciones absurdas, como \u00e9sta de Puente Tablas.<\/p>\n<p> Demoliciones aisladas no van a arreglar nada, ni van a restaurar el da\u00f1o a la naturaleza, que es lo que se esgrime en los tribunales para acordar las demoliciones. Y ah\u00ed las responsabilidades no son s\u00f3lo de los due\u00f1os de los chal\u00e9s, sino de las administraciones que durante a\u00f1os hicieron dejaci\u00f3n de funciones. El que levantaran chal\u00e9s apoyados en la valla del yacimiento arqueol\u00f3gico sin que nadie hiciera nada (salvo una denuncia en 2005 de Amigos de los Iberos) es revelador. El criterio de la Fiscal\u00eda, expresado en muchos juicios, es que si hay m\u00e1s ilegales que se derriben tamb\u00ed\u00e9n. Y si no puede ser por sentencia v\u00eda penal, que sea v\u00eda administrativa, para la que los ayuntamientos tienen competencias.<\/p>\n<p>Dejo aqu\u00ed un v\u00eddeo en el que se ve la casa tal y c\u00f3mo era el s\u00e1bado en fotograf\u00edas tomadas por Celia Mond\u00e9jar, y luego la excavadora haciendo su trabajo. Y tambi\u00e9n se ve c\u00f3mo la casa est\u00e1 completamente rodeada por otras, tambi\u00e9n ilegales.<\/p>\n<p>  <OBJECT  height=344 width=425><PARAM NAME=\"movie\" VALUE=\"http:\/\/www.youtube.com\/v\/rnaZSS3kNjo?hl=es&#038;fs=1\"><PARAM NAME=\"allowFullScreen\" VALUE=\"true\"><PARAM NAME=\"allowscriptaccess\" VALUE=\"always\"> <embed   src=\"\/\/www.youtube.com\/v\/rnaZSS3kNjo?hl=es&#038;fs=1\" type=\"application\/x-shockwave-flash\" allowscriptaccess=\"always\" allowfullscreen=\"true\" width=\"425\" height=\"344\"><\/embed><\/OBJECT><\/p>\n<p> En la edici\u00f3n de hoy del IDEAL analiz\u00e1bamos el caso con un titular potente: <A id=link_0 title=http:\/\/www.ideal.es\/jaen\/v\/20100920\/jaen\/chales-ilegales-jaen-derrumba-20100920.html href=\"http:\/\/www.ideal.es\/jaen\/v\/20100920\/jaen\/chales-ilegales-jaen-derrumba-20100920.html\">La era de los chal\u00e9s ilegales se derrumba<\/A>. El art\u00edculo tiene toda la informaci\u00f3n de c\u00f3mo se ha llegado a esta demolici\u00f3n, detalles del caso y qu\u00e9 derribos se han producido ya por sentencia judicial en la provincia.<\/p>\n","protected":false},"excerpt":{"rendered":"<p>Una excavadora acaba de echar abajo un chal\u00e9 en Plaza de Armas, Puente Tablas. El primero, porque habr\u00e1 varios m\u00e1s. El propietario, en conversaci\u00f3n telef\u00f3nica la semana pasada, me relataba su impotencia por el hecho de que pared con pared a la suya hay otra casa sin condena de demolici\u00f3n, y que muchos otros de [&hellip;]<\/p>\n","protected":false},"author":6,"featured_media":0,"comment_status":"open","ping_status":"closed","sticky":false,"template":"","format":"standard","meta":[],"categories":[2],"tags":[51],"_links":{"self":[{"href":"https:\/\/blogs.ideal.es\/abocajarro\/wp-json\/wp\/v2\/posts\/172"}],"collection":[{"href":"https:\/\/blogs.ideal.es\/abocajarro\/wp-json\/wp\/v2\/posts"}],"about":[{"href":"https:\/\/blogs.ideal.es\/abocajarro\/wp-json\/wp\/v2\/types\/post"}],"author":[{"embeddable":true,"href":"https:\/\/blogs.ideal.es\/abocajarro\/wp-json\/wp\/v2\/users\/6"}],"replies":[{"embeddable":true,"href":"https:\/\/blogs.ideal.es\/abocajarro\/wp-json\/wp\/v2\/comments?post=172"}],"version-history":[{"count":0,"href":"https:\/\/blogs.ideal.es\/abocajarro\/wp-json\/wp\/v2\/posts\/172\/revisions"}],"wp:attachment":[{"href":"https:\/\/blogs.ideal.es\/abocajarro\/wp-json\/wp\/v2\/media?parent=172"}],"wp:term":[{"taxonomy":"category","embeddable":true,"href":"https:\/\/blogs.ideal.es\/abocajarro\/wp-json\/wp\/v2\/categories?post=172"},{"taxonomy":"post_tag","embeddable":true,"href":"https:\/\/blogs.ideal.es\/abocajarro\/wp-json\/wp\/v2\/tags?post=172"}],"curies":[{"name":"wp","href":"https:\/\/api.w.org\/{rel}","templated":true}]}}