{"id":185,"date":"2010-10-04T13:54:00","date_gmt":"2010-10-04T13:54:00","guid":{"rendered":"http:\/\/blogs.ideal.es\/abocajarro\/?p=185"},"modified":"2010-10-04T13:54:00","modified_gmt":"2010-10-04T13:54:00","slug":"dios-salve-penalver","status":"publish","type":"post","link":"https:\/\/blogs.ideal.es\/abocajarro\/2010\/10\/04\/dios-salve-penalver\/","title":{"rendered":"Dios salve a Pe\u00f1alver"},"content":{"rendered":"<p><IMG title=\"02-10-10 Mitin de Zapatero en Sevilla por Partido Socialista, en Flickr\" src=\"\/\/blogs.ideal.es\/trunk\/%3Ca%20href=\" ? photos www.flickr.com http: psoe 5045026321><IMG height=500 alt=\"02-10-10 Mitin de Zapatero en Sevilla\" src=\"\/\/farm5.static.flickr.com\/4132\/5045026321_feeaebaf7a.jpg\" width=498><\/A>&#8221; (Foto tomada del flickr del PSOE)<\/p>\n<p>Zapatero apoya p\u00fablicamente a Pe\u00f1alver. Dios salve a Pe\u00f1alver.<\/p>\n<p>Firmado: John Kerry, Segolene Royal y Trinidad Jim\u00e9nez.<\/p>\n","protected":false},"excerpt":{"rendered":"<p>&#8221; (Foto tomada del flickr del PSOE) Zapatero apoya p\u00fablicamente a Pe\u00f1alver. Dios salve a Pe\u00f1alver. Firmado: John Kerry, Segolene Royal y Trinidad Jim\u00e9nez.<\/p>\n","protected":false},"author":6,"featured_media":0,"comment_status":"open","ping_status":"closed","sticky":false,"template":"","format":"standard","meta":[],"categories":[2],"tags":[],"_links":{"self":[{"href":"https:\/\/blogs.ideal.es\/abocajarro\/wp-json\/wp\/v2\/posts\/185"}],"collection":[{"href":"https:\/\/blogs.ideal.es\/abocajarro\/wp-json\/wp\/v2\/posts"}],"about":[{"href":"https:\/\/blogs.ideal.es\/abocajarro\/wp-json\/wp\/v2\/types\/post"}],"author":[{"embeddable":true,"href":"https:\/\/blogs.ideal.es\/abocajarro\/wp-json\/wp\/v2\/users\/6"}],"replies":[{"embeddable":true,"href":"https:\/\/blogs.ideal.es\/abocajarro\/wp-json\/wp\/v2\/comments?post=185"}],"version-history":[{"count":0,"href":"https:\/\/blogs.ideal.es\/abocajarro\/wp-json\/wp\/v2\/posts\/185\/revisions"}],"wp:attachment":[{"href":"https:\/\/blogs.ideal.es\/abocajarro\/wp-json\/wp\/v2\/media?parent=185"}],"wp:term":[{"taxonomy":"category","embeddable":true,"href":"https:\/\/blogs.ideal.es\/abocajarro\/wp-json\/wp\/v2\/categories?post=185"},{"taxonomy":"post_tag","embeddable":true,"href":"https:\/\/blogs.ideal.es\/abocajarro\/wp-json\/wp\/v2\/tags?post=185"}],"curies":[{"name":"wp","href":"https:\/\/api.w.org\/{rel}","templated":true}]}}