{"id":186,"date":"2010-10-07T00:36:00","date_gmt":"2010-10-07T00:36:00","guid":{"rendered":"http:\/\/blogs.ideal.es\/abocajarro\/?p=186"},"modified":"2010-10-07T00:36:00","modified_gmt":"2010-10-07T00:36:00","slug":"mas-rapido-el-hambre","status":"publish","type":"post","link":"https:\/\/blogs.ideal.es\/abocajarro\/2010\/10\/07\/mas-rapido-el-hambre\/","title":{"rendered":"M\u00e1s r\u00e1pida es el hambre"},"content":{"rendered":"<p>Cuenta el p\u00e1rroco de Bel\u00e9n y San Roque que las setenta personas que se sientan a cenar en el comedor de la parroquia entran y salen en un santiam\u00e9n. &#8220;Con hambre se come muy deprisa&#8221;, sentencia. El hambre y las prisas. Voluntarios de C\u00e1ritas han detectado ya que hay treinta personas durmiendo en las calles de Ja\u00e9n. Han pasado tres noches en el albergue, y ahora s\u00f3lo les queda la calle. Y la cena de San Roque.<\/p>\n<p>El que a estas alturas de octubre haya ya grupos de inmigrantes en la calle en Ja\u00e9n es sintom\u00e1tico de que se avecina. &#8220;Puede ser espantoso&#8221;, me ha llegado a confesar el presidente de C\u00e1ritas, Rafael L\u00f3pez Sidro. En el mejor de los casos queda un mes para que salgan las cuadrillas al campo, y no se habr\u00e1 generalizado la campa\u00f1a antes de mes y medio. Queda demasiado.<\/p>\n<p><IMG style=\"WIDTH: 11px; HEIGHT: 4px\" title=\"inmigrante por Juan Esteban Poveda, en Flickr\" src=\"<A href=\" width=28 height=10 http: www.flickr.com photos ? 38862367@N07 5057878641><IMG alt=inmigrante src=\"\/\/farm5.static.flickr.com\/4145\/5057878641_a9bdd516fa.jpg\" width=500 height=281><\/A><\/p>\n<p>El hombre que duerme tras las mantas lleg\u00f3 a Ja\u00e9n hace ya m\u00e1s de una semana. Lleva doce a\u00f1os en Espa\u00f1a, y aqu\u00ed se ha sacado el carn\u00e9 de conducir. Lleva meses sin trabajar. Esperar\u00e1 aqu\u00ed a la aceituna. &#8220;No hay nada en ning\u00fan sitio. \u00bfD\u00f3nde voy a estar mejor&#8221;, argumenta. Tras tres noches en el albergue ha pasado varias madrugadas en el pasaje Tolosa. Esta noche los vecinos ya no le han permitido entrar. Ni a \u00e9l ni a media docena de personas que hab\u00edan encontrado alli donde guarecerse \u00faltimamente. En C\u00e1ritas confirman que la cosa va m\u00e1s. Hoy a\u00fan habr\u00e1 quiene intente negar la realidad, ampar\u00e1ndose en que quieren evitar el efecto llamada. \u00bfPodr\u00e1n hacerlo ma\u00f1ana? \u00bfY pasado? El hambre siempre ser\u00e1 m\u00e1s r\u00e1pida. M\u00e1s tenaz. M\u00e1s tozuda.<\/p>\n","protected":false},"excerpt":{"rendered":"<p>Cuenta el p\u00e1rroco de Bel\u00e9n y San Roque que las setenta personas que se sientan a cenar en el comedor de la parroquia entran y salen en un santiam\u00e9n. &#8220;Con hambre se come muy deprisa&#8221;, sentencia. El hambre y las prisas. Voluntarios de C\u00e1ritas han detectado ya que hay treinta personas durmiendo en las calles [&hellip;]<\/p>\n","protected":false},"author":6,"featured_media":0,"comment_status":"open","ping_status":"closed","sticky":false,"template":"","format":"standard","meta":[],"categories":[2],"tags":[],"_links":{"self":[{"href":"https:\/\/blogs.ideal.es\/abocajarro\/wp-json\/wp\/v2\/posts\/186"}],"collection":[{"href":"https:\/\/blogs.ideal.es\/abocajarro\/wp-json\/wp\/v2\/posts"}],"about":[{"href":"https:\/\/blogs.ideal.es\/abocajarro\/wp-json\/wp\/v2\/types\/post"}],"author":[{"embeddable":true,"href":"https:\/\/blogs.ideal.es\/abocajarro\/wp-json\/wp\/v2\/users\/6"}],"replies":[{"embeddable":true,"href":"https:\/\/blogs.ideal.es\/abocajarro\/wp-json\/wp\/v2\/comments?post=186"}],"version-history":[{"count":0,"href":"https:\/\/blogs.ideal.es\/abocajarro\/wp-json\/wp\/v2\/posts\/186\/revisions"}],"wp:attachment":[{"href":"https:\/\/blogs.ideal.es\/abocajarro\/wp-json\/wp\/v2\/media?parent=186"}],"wp:term":[{"taxonomy":"category","embeddable":true,"href":"https:\/\/blogs.ideal.es\/abocajarro\/wp-json\/wp\/v2\/categories?post=186"},{"taxonomy":"post_tag","embeddable":true,"href":"https:\/\/blogs.ideal.es\/abocajarro\/wp-json\/wp\/v2\/tags?post=186"}],"curies":[{"name":"wp","href":"https:\/\/api.w.org\/{rel}","templated":true}]}}