{"id":187,"date":"2010-10-07T13:01:00","date_gmt":"2010-10-07T13:01:00","guid":{"rendered":"http:\/\/blogs.ideal.es\/abocajarro\/?p=187"},"modified":"2010-10-07T13:01:00","modified_gmt":"2010-10-07T13:01:00","slug":"el-nabo-la-benemerita","status":"publish","type":"post","link":"https:\/\/blogs.ideal.es\/abocajarro\/2010\/10\/07\/el-nabo-la-benemerita\/","title":{"rendered":"&#039;El nabo&#039; de la Benem\u00e9rita"},"content":{"rendered":"<p><IMG title=\"ariete por Juan Esteban Poveda, en Flickr\" style=\"WIDTH: 28px; HEIGHT: 3px\" height=13 src=\"\/\/blogs.ideal.es\/trunk\/%3Ca%20href=\" width=28 38862367@N07 ? photos www.flickr.com http: 5059718754><IMG height=281 alt=ariete src=\"\/\/farm5.static.flickr.com\/4145\/5059718754_1597710cd5.jpg\" width=500><\/p>\n<p> El instrumento de ah\u00ed arriba es el ariete de la unidad de intervenci\u00f3n r\u00e1pida de la Guardia Civil de Ja\u00e9n. M\u00e1s conocido como &#8216;el nabo&#8217; y, en momentos de tensi\u00f3n -cuando la lengua se pega al paladar y el coraz\u00f3n late a mil por la inminencia de la acci\u00f3n- &#8216;la polla&#8217;. <\/p>\n<p> A ojo de buen cubero los encargados de su manejo estiman que puede desarrollar 1.200 wat de potencia, y que con un par de buenos brazos desplaza 500 kilos en un golpeo seco. Si lo cogen entre dos y toman carrerilla, echa abajo un tabique si hace falta. Una llave maestra, vamos. &#8220;Se usa cuando se ve que no nos llega el mazo, lo que es el porro de toda la vida&#8221;, me explican.<\/p>\n<p> La Guardia Civil de Ja\u00e9n usa su &#8216;nabo&#8217;, como su propio nombre indica, para las &#8216;penetraciones&#8217;. As\u00ed se llama en jerga t\u00e9cnica cuando una cuadrilla de picoletos te echa abajo la puerta y entra en tropel en tu casa (el chorizo, se llama), tapados con pasamonta\u00f1as, cascos y escudos, con el arma en ristre, para echarte mano. La \u00faltima vez que sacaron &#8216;la polla&#8217; de la Comandancia fue para darle un sofoc\u00f3n a un fulano que ten\u00eda unas macetillas sospechosas en casa, har\u00e1 un par de semanas. Dios nos libre del &#8216;nabo&#8217; de la Benem\u00e9rita.<\/A><\/p>\n","protected":false},"excerpt":{"rendered":"<p>El instrumento de ah\u00ed arriba es el ariete de la unidad de intervenci\u00f3n r\u00e1pida de la Guardia Civil de Ja\u00e9n. M\u00e1s conocido como &#8216;el nabo&#8217; y, en momentos de tensi\u00f3n -cuando la lengua se pega al paladar y el coraz\u00f3n late a mil por la inminencia de la acci\u00f3n- &#8216;la polla&#8217;. A ojo de buen [&hellip;]<\/p>\n","protected":false},"author":6,"featured_media":0,"comment_status":"open","ping_status":"closed","sticky":false,"template":"","format":"standard","meta":[],"categories":[2],"tags":[],"_links":{"self":[{"href":"https:\/\/blogs.ideal.es\/abocajarro\/wp-json\/wp\/v2\/posts\/187"}],"collection":[{"href":"https:\/\/blogs.ideal.es\/abocajarro\/wp-json\/wp\/v2\/posts"}],"about":[{"href":"https:\/\/blogs.ideal.es\/abocajarro\/wp-json\/wp\/v2\/types\/post"}],"author":[{"embeddable":true,"href":"https:\/\/blogs.ideal.es\/abocajarro\/wp-json\/wp\/v2\/users\/6"}],"replies":[{"embeddable":true,"href":"https:\/\/blogs.ideal.es\/abocajarro\/wp-json\/wp\/v2\/comments?post=187"}],"version-history":[{"count":0,"href":"https:\/\/blogs.ideal.es\/abocajarro\/wp-json\/wp\/v2\/posts\/187\/revisions"}],"wp:attachment":[{"href":"https:\/\/blogs.ideal.es\/abocajarro\/wp-json\/wp\/v2\/media?parent=187"}],"wp:term":[{"taxonomy":"category","embeddable":true,"href":"https:\/\/blogs.ideal.es\/abocajarro\/wp-json\/wp\/v2\/categories?post=187"},{"taxonomy":"post_tag","embeddable":true,"href":"https:\/\/blogs.ideal.es\/abocajarro\/wp-json\/wp\/v2\/tags?post=187"}],"curies":[{"name":"wp","href":"https:\/\/api.w.org\/{rel}","templated":true}]}}