{"id":189,"date":"2010-10-08T11:48:00","date_gmt":"2010-10-08T11:48:00","guid":{"rendered":"http:\/\/blogs.ideal.es\/abocajarro\/?p=189"},"modified":"2010-10-08T11:48:00","modified_gmt":"2010-10-08T11:48:00","slug":"quien-es-este-tio","status":"publish","type":"post","link":"https:\/\/blogs.ideal.es\/abocajarro\/2010\/10\/08\/quien-es-este-tio\/","title":{"rendered":"\u00bfQui\u00e9n es este t\u00edo?"},"content":{"rendered":"<p><IMG title=\"GASPAR~4 por Juan Esteban Poveda, en Flickr\" src=\"\/\/blogs.ideal.es\/trunk\/%3Ca%20href=\" http: www.flickr.com photos ? 38862367@N07 5062138386><IMG height=334 alt=GASPAR~4 src=\"\/\/farm5.static.flickr.com\/4153\/5062138386_28c4671af8.jpg\" width=500><\/A>&#8221; <\/p>\n<p>Gaspar Zarr\u00edas en una foto tomada ayer por Francis J. Cano, con su nueva imagen sin gafas ni bigote. Un chaval.<\/p>\n<p><IMG title=\"Zarr\u00edas1979 por Juan Esteban Poveda, en Flickr\" src=\"\/\/blogs.ideal.es\/trunk\/%3Ca%20href=\" http: www.flickr.com photos ? 38862367@N07 5061535619><IMG height=373 alt=Zarr\u00edas1979 src=\"\/\/farm5.static.flickr.com\/4103\/5061535619_64562b2c06.jpg\" width=500><\/A>&#8221; <\/p>\n<p> Gaspar Zarr\u00edas (junto a Rafael Escuredo) en una imagen de 1979 captada por el m\u00edtico fot\u00f3grafo jienense Ortega.<\/p>\n","protected":false},"excerpt":{"rendered":"<p>&#8221; Gaspar Zarr\u00edas en una foto tomada ayer por Francis J. Cano, con su nueva imagen sin gafas ni bigote. Un chaval. &#8221; Gaspar Zarr\u00edas (junto a Rafael Escuredo) en una imagen de 1979 captada por el m\u00edtico fot\u00f3grafo jienense Ortega.<\/p>\n","protected":false},"author":6,"featured_media":0,"comment_status":"open","ping_status":"closed","sticky":false,"template":"","format":"standard","meta":[],"categories":[2],"tags":[74,178],"_links":{"self":[{"href":"https:\/\/blogs.ideal.es\/abocajarro\/wp-json\/wp\/v2\/posts\/189"}],"collection":[{"href":"https:\/\/blogs.ideal.es\/abocajarro\/wp-json\/wp\/v2\/posts"}],"about":[{"href":"https:\/\/blogs.ideal.es\/abocajarro\/wp-json\/wp\/v2\/types\/post"}],"author":[{"embeddable":true,"href":"https:\/\/blogs.ideal.es\/abocajarro\/wp-json\/wp\/v2\/users\/6"}],"replies":[{"embeddable":true,"href":"https:\/\/blogs.ideal.es\/abocajarro\/wp-json\/wp\/v2\/comments?post=189"}],"version-history":[{"count":0,"href":"https:\/\/blogs.ideal.es\/abocajarro\/wp-json\/wp\/v2\/posts\/189\/revisions"}],"wp:attachment":[{"href":"https:\/\/blogs.ideal.es\/abocajarro\/wp-json\/wp\/v2\/media?parent=189"}],"wp:term":[{"taxonomy":"category","embeddable":true,"href":"https:\/\/blogs.ideal.es\/abocajarro\/wp-json\/wp\/v2\/categories?post=189"},{"taxonomy":"post_tag","embeddable":true,"href":"https:\/\/blogs.ideal.es\/abocajarro\/wp-json\/wp\/v2\/tags?post=189"}],"curies":[{"name":"wp","href":"https:\/\/api.w.org\/{rel}","templated":true}]}}