{"id":190,"date":"2010-10-13T12:07:00","date_gmt":"2010-10-13T12:07:00","guid":{"rendered":"http:\/\/blogs.ideal.es\/abocajarro\/?p=190"},"modified":"2010-10-13T12:07:00","modified_gmt":"2010-10-13T12:07:00","slug":"la-cagaste-san-lucas-2-0-2","status":"publish","type":"post","link":"https:\/\/blogs.ideal.es\/abocajarro\/2010\/10\/13\/la-cagaste-san-lucas-2-0-2\/","title":{"rendered":"La cagaste en San Lucas 2.0"},"content":{"rendered":"<p>La cabeza seguramente te vaya a reventar. Pero estuvo bien la noche. Vaya<br \/>\nnoche de feria. Como las de antes. A lo campe\u00f3n. Aunque no te acuerdes muy<br \/>\nbien de todo. Puede que notes una extra\u00f1a sensaci\u00f3n al pasear por la<br \/>\ncalle. Que te miran raro. Que te sonr\u00eden. Que te dicen guarro. Que tu<br \/>\nmujer no te habla. Puede que la hayas cagado:tus haza\u00f1as (o lo que t\u00fa<br \/>\ncrees que fueron haza\u00f1as) seguramente est\u00e9n colgadas en internet. Tu pene,<br \/>\ntu culo, tus piernas al aire con los pantalones por los tobillos, tu<br \/>\nv\u00f3mito, tu rid\u00edculo baile sobre la barra de una caseta, el tortazo que te<br \/>\nmeti\u00f3 la rubia. Todo est\u00e1 en la red. Y miles de personas se estar\u00e1n<br \/>\nmofando virtualmente de t\u00ed. Unas pocas, adem\u00e1s, tendr\u00e1n el privilegio de<br \/>\nhacerlo en tu cara si te reconocen.<br \/>\nEl viejo dicho de \u2018lo que pasa en la feria, queda en la feria\u2019 ya es<br \/>\nhistoria. El recinto ferial es un campo minado para meones incontinentes,<br \/>\namantes impacientes, bochachuelos o minifalderas que se suban a las<br \/>\nalturas. Un descuido basta. En pocos minutos, una parte de tu cuerpo puede<br \/>\nser un \u2018trendin topic\u2019 (un tema del momento) en la red. Miles de personas<br \/>\npululan por el ferial armadas con un m\u00f3vil con c\u00e1mara y conexi\u00f3n internet.<br \/>\nCon \u00e9so y ganas de hacer una gracia es suficiente para joderle la vida y<br \/>\nla reputaci\u00f3n al que tenga un desliz. Las redes sociales har\u00e1n el resto.<br \/>\nAntes incluso de comenzar San Lucas, el viernes, la feria ya era uno de<br \/>\nlos temas recurrentes si se buscaba en Twitter lo relacionado con Ja\u00e9n.<br \/>\nJohnbojaen  se congratulaba de su llegada a la ciudad. \u00abAhora a disfrutar<br \/>\nla nada despreciable cantidad de 10 d\u00edas de feria. A ver cu\u00e1nto aguanto.\u00bb,<br \/>\nproclamaba.   Toniogari2  era el reverso dela moneda: \u00abYa empieza laferia<br \/>\nde Ja\u00e9n y yo aqu\u00ed&#8230;joo. Con penita por no poder ir\u00bb.   A jorcamir  \u00abel<br \/>\nfin de semana se presenta interesante. Triple cumplea\u00f1os y Feria de Ja\u00e9n.<br \/>\nEsperemos que la lluvia no lo arruine\u00bb.<br \/>\nRafamerida anunciaba que sal\u00eda de su punto de origen \u00abmas tarde de lo<br \/>\nprevisto para pasar el puente de feria en Jaen, pero saliendo :-)\u00bb, y<br \/>\nBlanquita84    interpelaba a longi_FB \u00abVas para Ja\u00e9n???? Acercate a mi<br \/>\nferia de San Lucas y tomate algo a mi salud\u00bb. Para los fan\u00e1ticos de la<br \/>\ninform\u00e1tica elfisgoncurioso  informaba que \u00abya se encuentra en el Android<br \/>\nmarket la aplicacion de La Feria de San Lucas\u00bb. Mientras, ciritacoke<br \/>\nalbergaba sanos pensamientos: \u00abMe tomare una @CocaCola_es este puente en<br \/>\nla feria de Jaen, mientras bailo unas sevillanas!!\u00bb.  Que nadie dude<br \/>\nque si cualquiera de los anteriores caza a alg\u00fan borrachuzo o escena<br \/>\nescabrosa en la feria, la har\u00e1 circular.<br \/>\nEn la red social m\u00e1s popular, Facebook, la feria de Ja\u00e9n calentaba motores<br \/>\ndesde d\u00edas antes de empezar. El punto m\u00e1s caliente que he encontrado es la<br \/>\n Caseta Treinta Itns,que tiene nada menos que 1.034 amigos. Dicho de otra<br \/>\nmanera: si alguien sube all\u00ed una foto o un v\u00eddeo indiscreto, 1.034<br \/>\npersonas lo recibir\u00e1n directamente en sus ordenadores. El efecto rebote<br \/>\npuede hacer que en cuesti\u00f3n de pocos minutos haya cientos de miles de<br \/>\npersonas con acceso a esos contenidos. Y en un ratejo, millones.  Otro<br \/>\nperfil de Facebook que tambi\u00e9n tira es Feria San Lucas 2010, con casi 600<br \/>\namigos. \u00abSe acerca la Feria de Ja\u00e9n y queremos que todos seais participes<br \/>\nde esta fiesta,a la que cada vez acuden mas parsonas de distintas<br \/>\nlocalidades\u00bb, proclama en la presentaci\u00f3n.<br \/>\nYhay quien puede llevarse una sorpresa.  Feria Jaen en Facebook no tiene<br \/>\nni idea de sevillanas ni vino fino. Es una chica de Manila pero reside en<br \/>\nDubai, emiratos \u00e1rabes. Tiene 14 amigos. Que flipar\u00edan si ven c\u00f3mo se<br \/>\ndesbarra en Ja\u00e9n.<\/p>\n","protected":false},"excerpt":{"rendered":"<p>La cabeza seguramente te vaya a reventar. Pero estuvo bien la noche. Vaya noche de feria. Como las de antes. A lo campe\u00f3n. Aunque no te acuerdes muy bien de todo. Puede que notes una extra\u00f1a sensaci\u00f3n al pasear por la calle. Que te miran raro. Que te sonr\u00eden. Que te dicen guarro. Que tu [&hellip;]<\/p>\n","protected":false},"author":6,"featured_media":0,"comment_status":"open","ping_status":"closed","sticky":false,"template":"","format":"standard","meta":[],"categories":[2],"tags":[65],"_links":{"self":[{"href":"https:\/\/blogs.ideal.es\/abocajarro\/wp-json\/wp\/v2\/posts\/190"}],"collection":[{"href":"https:\/\/blogs.ideal.es\/abocajarro\/wp-json\/wp\/v2\/posts"}],"about":[{"href":"https:\/\/blogs.ideal.es\/abocajarro\/wp-json\/wp\/v2\/types\/post"}],"author":[{"embeddable":true,"href":"https:\/\/blogs.ideal.es\/abocajarro\/wp-json\/wp\/v2\/users\/6"}],"replies":[{"embeddable":true,"href":"https:\/\/blogs.ideal.es\/abocajarro\/wp-json\/wp\/v2\/comments?post=190"}],"version-history":[{"count":0,"href":"https:\/\/blogs.ideal.es\/abocajarro\/wp-json\/wp\/v2\/posts\/190\/revisions"}],"wp:attachment":[{"href":"https:\/\/blogs.ideal.es\/abocajarro\/wp-json\/wp\/v2\/media?parent=190"}],"wp:term":[{"taxonomy":"category","embeddable":true,"href":"https:\/\/blogs.ideal.es\/abocajarro\/wp-json\/wp\/v2\/categories?post=190"},{"taxonomy":"post_tag","embeddable":true,"href":"https:\/\/blogs.ideal.es\/abocajarro\/wp-json\/wp\/v2\/tags?post=190"}],"curies":[{"name":"wp","href":"https:\/\/api.w.org\/{rel}","templated":true}]}}