{"id":192,"date":"2010-10-14T17:55:00","date_gmt":"2010-10-14T17:55:00","guid":{"rendered":"http:\/\/blogs.ideal.es\/abocajarro\/?p=192"},"modified":"2010-10-14T17:55:00","modified_gmt":"2010-10-14T17:55:00","slug":"el-follon-los-camaradas-gasparov-y-corbachov","status":"publish","type":"post","link":"https:\/\/blogs.ideal.es\/abocajarro\/2010\/10\/14\/el-follon-los-camaradas-gasparov-y-corbachov\/","title":{"rendered":"El foll\u00f3n de los camaradas Gasparov y Corbachov"},"content":{"rendered":"<p>Minutos antes de las dos de la tarde, la p\u00e1gina web de El Mundo lanzaba la noticia, citando a Canal Sur: Zarr\u00edas, ministro de Trabajo. Ah\u00ed es nada. M\u00e1s o menos quince minutos despu\u00e9s, a las 14.17, El Mundo desment\u00eda la noticia citando fuentes de Moncloa. A esas horas, me cuenta Jos\u00e9 M. Li\u00e9bana, Paco Reyes (delf\u00edn de Zarr\u00edas en Ja\u00e9n) bromeaba con el tema en el ferial y mostraba en supuesto mensaje recibido en su m\u00f3vil.<br \/>\nYo la verdad es que no he sido capaz de encontrar un enlace o una referencia de d\u00f3nde ha adelantado Canal Sur la noticia de que el cazalillero camarada Gasparov era el sustituto de Corbachov. La verdad es que todo el mundo lo est\u00e1 dando por bueno (la versi\u00f3n m\u00e1s extendida es que sali\u00f3 del programa de Tom Mart\u00edn Ben\u00edtez) y el tema vuela en las redes sociales.<\/p>\n<p>Zapatero dijo que para el Ministerio quer\u00eda una persona de fuerte perfil pol\u00edtico que abordase cambios profundos y que recupere el feeling con los sindicatos. La conexi\u00f3n Zarr\u00edas-De la Vega ha funcionado en los \u00faltimos a\u00f1os. Y recientemente ha reformado su gabinete en Madrid, con fichajes con experiencia con ministros. \u00bfPor qu\u00e9 no Gasparov? Hasta el rabo todo es toro. Qu\u00e9 foll\u00f3n.<\/p>\n<p><IMG title=\"c\u00e1nticos por Juan Esteban Poveda, en Flickr\" src=\"\/\/blogs.ideal.es\/trunk\/%3Ca%20href=\" http: www.flickr.com photos 38862367@N07 4413554497 ?><IMG height=375 alt=c\u00e1nticos src=\"\/\/farm5.static.flickr.com\/4045\/4413554497_f769bb550e.jpg\" width=500><\/A>&#8221; <\/p>\n<p>En la imagen, Zarr\u00edas, presidente del PSOE en Ja\u00e9n, canta la Internacional pu\u00f1o en alto junto al secretario general, Paco Reyes, y la vicesecretaria, \u00c1ngeles F\u00e9rriz, en marzo pasado.<\/p>\n","protected":false},"excerpt":{"rendered":"<p>Minutos antes de las dos de la tarde, la p\u00e1gina web de El Mundo lanzaba la noticia, citando a Canal Sur: Zarr\u00edas, ministro de Trabajo. Ah\u00ed es nada. M\u00e1s o menos quince minutos despu\u00e9s, a las 14.17, El Mundo desment\u00eda la noticia citando fuentes de Moncloa. A esas horas, me cuenta Jos\u00e9 M. Li\u00e9bana, Paco [&hellip;]<\/p>\n","protected":false},"author":6,"featured_media":0,"comment_status":"open","ping_status":"closed","sticky":false,"template":"","format":"standard","meta":[],"categories":[2],"tags":[178],"_links":{"self":[{"href":"https:\/\/blogs.ideal.es\/abocajarro\/wp-json\/wp\/v2\/posts\/192"}],"collection":[{"href":"https:\/\/blogs.ideal.es\/abocajarro\/wp-json\/wp\/v2\/posts"}],"about":[{"href":"https:\/\/blogs.ideal.es\/abocajarro\/wp-json\/wp\/v2\/types\/post"}],"author":[{"embeddable":true,"href":"https:\/\/blogs.ideal.es\/abocajarro\/wp-json\/wp\/v2\/users\/6"}],"replies":[{"embeddable":true,"href":"https:\/\/blogs.ideal.es\/abocajarro\/wp-json\/wp\/v2\/comments?post=192"}],"version-history":[{"count":0,"href":"https:\/\/blogs.ideal.es\/abocajarro\/wp-json\/wp\/v2\/posts\/192\/revisions"}],"wp:attachment":[{"href":"https:\/\/blogs.ideal.es\/abocajarro\/wp-json\/wp\/v2\/media?parent=192"}],"wp:term":[{"taxonomy":"category","embeddable":true,"href":"https:\/\/blogs.ideal.es\/abocajarro\/wp-json\/wp\/v2\/categories?post=192"},{"taxonomy":"post_tag","embeddable":true,"href":"https:\/\/blogs.ideal.es\/abocajarro\/wp-json\/wp\/v2\/tags?post=192"}],"curies":[{"name":"wp","href":"https:\/\/api.w.org\/{rel}","templated":true}]}}