{"id":193,"date":"2010-10-14T21:12:00","date_gmt":"2010-10-14T21:12:00","guid":{"rendered":"http:\/\/blogs.ideal.es\/abocajarro\/?p=193"},"modified":"2010-10-14T21:12:00","modified_gmt":"2010-10-14T21:12:00","slug":"aseos-trampa","status":"publish","type":"post","link":"https:\/\/blogs.ideal.es\/abocajarro\/2010\/10\/14\/aseos-trampa\/","title":{"rendered":"Aseos trampa"},"content":{"rendered":"<p>La ovaci\u00f3n de la feria se la llevaron el otro d\u00eda los bomberos, que tuvieron que rescatar a una moza de los servicios de una caseta donde estuvo encerrada media hora. Hubo que reventar la puerta. La gente aplaud\u00eda como si hubieran lidiado un vitorino, pues los bomberos siempre generan entusiasmo el ferial. M\u00e1s de uno esperaba que despu\u00e9s del rescate se despelotasen, como es costumbre entre los bomberos cuando van a San Lucas. La cosa estaba que ard\u00eda. <\/p>\n<p> Me cuentan que no se trata de un caso aislado (lo de quedarse encerrado digo, aunque lo de despelotarse tambi\u00e9n va siendo generalizado). El lunes hubo al menos dos j\u00f3venes atrapados en un aseo. Adem\u00e1s de da\u00f1os en la puerta, aqu\u00ed hubo que arrancar medio tabique. Ya ocurri\u00f3 el a\u00f1o pasado, aseguran feriantes con pedrigr\u00ed, de los que no perdonan un d\u00eda. La cosa de los nuevos servicios de obra. Peque\u00f1os inconvenientes de la llegada de la civilizaci\u00f3n a la feria, tras acabar con las escaleras. Nunca agradecer\u00e9 bastante a Montan\u00e9 que emplease dinero del Plan E en aplanar el ferial. <\/p>\n<p><IMG title=\"servicios feria por Juan Esteban Poveda, en Flickr\" src=\"\/\/blogs.ideal.es\/trunk\/%3Ca%20href=\" ? 5081422811 38862367@N07 photos www.flickr.com http:><IMG height=500 alt=\"servicios feria\" src=\"\/\/farm5.static.flickr.com\/4058\/5081422811_4c162ed4d1.jpg\" width=375><\/p>\n<p><\/A>No es vandalismo. Es el estado en que quedaron los servicios el lunes tras el rescate de un atrapado. La foto es cortes\u00eda de un twittero.<\/p>\n","protected":false},"excerpt":{"rendered":"<p>La ovaci\u00f3n de la feria se la llevaron el otro d\u00eda los bomberos, que tuvieron que rescatar a una moza de los servicios de una caseta donde estuvo encerrada media hora. Hubo que reventar la puerta. La gente aplaud\u00eda como si hubieran lidiado un vitorino, pues los bomberos siempre generan entusiasmo el ferial. M\u00e1s de [&hellip;]<\/p>\n","protected":false},"author":6,"featured_media":0,"comment_status":"open","ping_status":"closed","sticky":false,"template":"","format":"standard","meta":[],"categories":[2],"tags":[65],"_links":{"self":[{"href":"https:\/\/blogs.ideal.es\/abocajarro\/wp-json\/wp\/v2\/posts\/193"}],"collection":[{"href":"https:\/\/blogs.ideal.es\/abocajarro\/wp-json\/wp\/v2\/posts"}],"about":[{"href":"https:\/\/blogs.ideal.es\/abocajarro\/wp-json\/wp\/v2\/types\/post"}],"author":[{"embeddable":true,"href":"https:\/\/blogs.ideal.es\/abocajarro\/wp-json\/wp\/v2\/users\/6"}],"replies":[{"embeddable":true,"href":"https:\/\/blogs.ideal.es\/abocajarro\/wp-json\/wp\/v2\/comments?post=193"}],"version-history":[{"count":0,"href":"https:\/\/blogs.ideal.es\/abocajarro\/wp-json\/wp\/v2\/posts\/193\/revisions"}],"wp:attachment":[{"href":"https:\/\/blogs.ideal.es\/abocajarro\/wp-json\/wp\/v2\/media?parent=193"}],"wp:term":[{"taxonomy":"category","embeddable":true,"href":"https:\/\/blogs.ideal.es\/abocajarro\/wp-json\/wp\/v2\/categories?post=193"},{"taxonomy":"post_tag","embeddable":true,"href":"https:\/\/blogs.ideal.es\/abocajarro\/wp-json\/wp\/v2\/tags?post=193"}],"curies":[{"name":"wp","href":"https:\/\/api.w.org\/{rel}","templated":true}]}}