{"id":194,"date":"2010-10-16T21:21:00","date_gmt":"2010-10-16T21:21:00","guid":{"rendered":"http:\/\/blogs.ideal.es\/abocajarro\/?p=194"},"modified":"2010-10-16T21:21:00","modified_gmt":"2010-10-16T21:21:00","slug":"cuernos-peligrosos","status":"publish","type":"post","link":"https:\/\/blogs.ideal.es\/abocajarro\/2010\/10\/16\/cuernos-peligrosos\/","title":{"rendered":"Cuernos peligrosos"},"content":{"rendered":"<p><IMG title=\"toros  por Juan Esteban Poveda, en Flickr\" height=5 src=\"\/\/blogs.ideal.es\/trunk\/%3Ca%20href=\" width=28 http: www.flickr.com photos 38862367@N07 5087330432 ?><IMG height=335 alt=\"toros \" src=\"\/\/farm5.static.flickr.com\/4106\/5087330432_740910078a.jpg\" width=500><\/p>\n<p><\/A>(Zona de los tendidos de La Alameda donde se acumulaba m\u00e1s p\u00fablico, en una foto de Francis J. Cano)<\/p>\n<p>El d\u00eda va de cuernos. Empiezan los toros en la feria de Ja\u00e9n. Un tost\u00f3n, me cuentan. Los tendidos de la plaza, casi vac\u00edos, para ver el triunfo de Daniel Luque, que se salv\u00f3 de la quema del festejo. Luque fue un ca\u00f1\u00f3n con la espada. Pero las estocadas que daban en las taquillas no eran moco de pavo. As\u00ed va la cosa nacional, que entre todos la mataron y ella sola se est\u00e1 muriendo, por m\u00e1s que en Catalu\u00f1a le hayan dado ya la extrema unci\u00f3n. Cosa nacional. El que se atreva a llamarla fiesta es m\u00e1s que optimista. \u00bfAlguien vio ambiente de fiesta ayer en La Alameda? Esto es ya la sala de espera de la UCI. Total, que lo m\u00e1s curioso de la corrida inaugural de Ja\u00e9n, adem\u00e1s de las orejas que cort\u00f3 Daniel Luque, fue que al sexto se le &#8216;averi\u00f3&#8217; un cuerno, que se parti\u00f3 sin llegar a caerse y le hac\u00eda extra\u00f1os arabescos sobre la testuz hasta que el presidente decidi\u00f3 cambiarlo. Al toro, digo, no al cuerno que ya no ten\u00eda remedio.<\/p>\n<p>Para cuernos peligrosos, pero peligrosos de verdad, los de un tipo que se meti\u00f3 en un bar de la zona de los puentes de Ja\u00e9n. &#8220;T\u00fa qu\u00e9 es la que te traes con mi mujer&#8221;, le dijo a un fulano que estaba en el bar. Intent\u00f3 apu\u00f1alarlo. No con los cuernos, sino con un destornillador. Le rompi\u00f3 la camisa, con la empu\u00f1adura le dio en los morros, y lo dej\u00f3 hecho un ecce homo para cuando llegaron los civiles a arrestarlo. Es lo que tienen los cuernos cuando hay bravura debajo de ellos.<\/p>\n","protected":false},"excerpt":{"rendered":"<p>(Zona de los tendidos de La Alameda donde se acumulaba m\u00e1s p\u00fablico, en una foto de Francis J. Cano) El d\u00eda va de cuernos. Empiezan los toros en la feria de Ja\u00e9n. Un tost\u00f3n, me cuentan. Los tendidos de la plaza, casi vac\u00edos, para ver el triunfo de Daniel Luque, que se salv\u00f3 de la [&hellip;]<\/p>\n","protected":false},"author":6,"featured_media":0,"comment_status":"open","ping_status":"closed","sticky":false,"template":"","format":"standard","meta":[],"categories":[2],"tags":[49,162],"_links":{"self":[{"href":"https:\/\/blogs.ideal.es\/abocajarro\/wp-json\/wp\/v2\/posts\/194"}],"collection":[{"href":"https:\/\/blogs.ideal.es\/abocajarro\/wp-json\/wp\/v2\/posts"}],"about":[{"href":"https:\/\/blogs.ideal.es\/abocajarro\/wp-json\/wp\/v2\/types\/post"}],"author":[{"embeddable":true,"href":"https:\/\/blogs.ideal.es\/abocajarro\/wp-json\/wp\/v2\/users\/6"}],"replies":[{"embeddable":true,"href":"https:\/\/blogs.ideal.es\/abocajarro\/wp-json\/wp\/v2\/comments?post=194"}],"version-history":[{"count":0,"href":"https:\/\/blogs.ideal.es\/abocajarro\/wp-json\/wp\/v2\/posts\/194\/revisions"}],"wp:attachment":[{"href":"https:\/\/blogs.ideal.es\/abocajarro\/wp-json\/wp\/v2\/media?parent=194"}],"wp:term":[{"taxonomy":"category","embeddable":true,"href":"https:\/\/blogs.ideal.es\/abocajarro\/wp-json\/wp\/v2\/categories?post=194"},{"taxonomy":"post_tag","embeddable":true,"href":"https:\/\/blogs.ideal.es\/abocajarro\/wp-json\/wp\/v2\/tags?post=194"}],"curies":[{"name":"wp","href":"https:\/\/api.w.org\/{rel}","templated":true}]}}