{"id":195,"date":"2010-10-17T13:14:00","date_gmt":"2010-10-17T13:14:00","guid":{"rendered":"http:\/\/blogs.ideal.es\/abocajarro\/?p=195"},"modified":"2010-10-17T13:14:00","modified_gmt":"2010-10-17T13:14:00","slug":"aguafiestas","status":"publish","type":"post","link":"https:\/\/blogs.ideal.es\/abocajarro\/2010\/10\/17\/aguafiestas\/","title":{"rendered":"Aguafiestas"},"content":{"rendered":"<p>La Agencia Estatal de Meteorolog\u00eda todav\u00eda da a la una de la tarde de hoy domingo que las posiblidades de lluvia en Ja\u00e9n son del 0%. Y que es d\u00eda de sol radiante. Con un par. Sigue lloviendo. No han estado muy afortunados esta feria los de la agencia. Sistem\u00e1ticamente han pronosticado lluvia durante toda la semana, y s\u00f3lo llovi\u00f3 el domingo pasado. Aguafiestas.<\/p>\n<p> Si lamento que llueva hoy no es por las personas a las que se les fastidia hoy la comida en La Vestida. Ni siquiera por los caseteros, que se buscan la vida. Lejos del ferial, el pleno centro de Ja\u00e9n, se est\u00e1 levantando el campamento de la verg\u00fcenza. Ni pongo fotos ni digo d\u00f3nde es para que a ning\u00fan iluminado se le ocurra ir all\u00ed a reventarlo. En un jardincillo, medio ocultas por la vegetaci\u00f3n, han levando tres chozas con pl\u00e1sticos y cartones. Media docena de inmigrantes se refugian all\u00ed del mal tiempo. Hoy tienen encendida una peque\u00f1a fogata. Hablan en susurros. A mes y medio largo de que empiece la aceituna. Parece que como es feria \u00e9so no est\u00e1 pasando, y como que Ja\u00e9n a\u00fan no es consciente de lo que se avecina. Lamento ser aguafiestas.<\/p>\n","protected":false},"excerpt":{"rendered":"<p>La Agencia Estatal de Meteorolog\u00eda todav\u00eda da a la una de la tarde de hoy domingo que las posiblidades de lluvia en Ja\u00e9n son del 0%. Y que es d\u00eda de sol radiante. Con un par. Sigue lloviendo. No han estado muy afortunados esta feria los de la agencia. Sistem\u00e1ticamente han pronosticado lluvia durante toda [&hellip;]<\/p>\n","protected":false},"author":6,"featured_media":0,"comment_status":"open","ping_status":"closed","sticky":false,"template":"","format":"standard","meta":[],"categories":[2],"tags":[8,65,87],"_links":{"self":[{"href":"https:\/\/blogs.ideal.es\/abocajarro\/wp-json\/wp\/v2\/posts\/195"}],"collection":[{"href":"https:\/\/blogs.ideal.es\/abocajarro\/wp-json\/wp\/v2\/posts"}],"about":[{"href":"https:\/\/blogs.ideal.es\/abocajarro\/wp-json\/wp\/v2\/types\/post"}],"author":[{"embeddable":true,"href":"https:\/\/blogs.ideal.es\/abocajarro\/wp-json\/wp\/v2\/users\/6"}],"replies":[{"embeddable":true,"href":"https:\/\/blogs.ideal.es\/abocajarro\/wp-json\/wp\/v2\/comments?post=195"}],"version-history":[{"count":0,"href":"https:\/\/blogs.ideal.es\/abocajarro\/wp-json\/wp\/v2\/posts\/195\/revisions"}],"wp:attachment":[{"href":"https:\/\/blogs.ideal.es\/abocajarro\/wp-json\/wp\/v2\/media?parent=195"}],"wp:term":[{"taxonomy":"category","embeddable":true,"href":"https:\/\/blogs.ideal.es\/abocajarro\/wp-json\/wp\/v2\/categories?post=195"},{"taxonomy":"post_tag","embeddable":true,"href":"https:\/\/blogs.ideal.es\/abocajarro\/wp-json\/wp\/v2\/tags?post=195"}],"curies":[{"name":"wp","href":"https:\/\/api.w.org\/{rel}","templated":true}]}}