{"id":197,"date":"2010-10-20T09:13:00","date_gmt":"2010-10-20T09:13:00","guid":{"rendered":"http:\/\/blogs.ideal.es\/abocajarro\/?p=197"},"modified":"2010-10-20T09:13:00","modified_gmt":"2010-10-20T09:13:00","slug":"ni-ministro-ni-numero-3","status":"publish","type":"post","link":"https:\/\/blogs.ideal.es\/abocajarro\/2010\/10\/20\/ni-ministro-ni-numero-3\/","title":{"rendered":"El ministro de Trabajo, de Ja\u00e9n"},"content":{"rendered":"<p>Estalla al fin la remodelaci\u00f3n del Gobierno y no figura Gaspar Zarr\u00edas como ministro. En la copa de feria en Ja\u00e9n el viernes pasado lo daban por hecho, y aseguran que ni \u00e9l quer\u00eda. Pero apuntaban maliciosos: \u00bfy si Paj\u00edn va al Gobierno? La baza del cazalillero era ocupar la secretar\u00eda de organizaci\u00f3n. El n\u00famero 3, ni m\u00e1s ni menos. La Ser, a las nueve y cuarto, da ya por seguro que el 3 ser\u00e1 Marcelino Iglesias. Gaspar sigue en el 4 y de secretario de Estado. Que tampoco est\u00e1 mal. (Por cierto, <A id=link_0 title=http:\/\/es.wikipedia.org\/wiki\/Gaspar_Zarr%C3%ADas href=\"http:\/\/es.wikipedia.org\/wiki\/Gaspar_Zarr%C3%ADas\">Zarr\u00edas lleva ostentando un cargo institucional de forma pr\u00e1cticamente ininterrumpida desde 1982<\/A>.).<\/p>\n<p>Y c\u00f3mo los designios del se\u00f1or son insondables, Ja\u00e9n al final pilla el <A id=link_1 title=http:\/\/www.rtve.es\/noticias\/20101020\/valeriano-gomez-nuevo-ministro-trabajo\/363377.shtml href=\"http:\/\/www.rtve.es\/noticias\/20101020\/valeriano-gomez-nuevo-ministro-trabajo\/363377.shtml\">Ministerio de Trabajo, pero la de mano de Valeriano G\u00f3mez, que naci\u00f3 en Arroyo de Ojanco en 1957<\/A>. A ver si se estira, que un ministro de Trabajo tiene aqu\u00ed para hincharse.<\/p>\n","protected":false},"excerpt":{"rendered":"<p>Estalla al fin la remodelaci\u00f3n del Gobierno y no figura Gaspar Zarr\u00edas como ministro. En la copa de feria en Ja\u00e9n el viernes pasado lo daban por hecho, y aseguran que ni \u00e9l quer\u00eda. Pero apuntaban maliciosos: \u00bfy si Paj\u00edn va al Gobierno? La baza del cazalillero era ocupar la secretar\u00eda de organizaci\u00f3n. El n\u00famero [&hellip;]<\/p>\n","protected":false},"author":6,"featured_media":0,"comment_status":"open","ping_status":"closed","sticky":false,"template":"","format":"standard","meta":[],"categories":[2],"tags":[178],"_links":{"self":[{"href":"https:\/\/blogs.ideal.es\/abocajarro\/wp-json\/wp\/v2\/posts\/197"}],"collection":[{"href":"https:\/\/blogs.ideal.es\/abocajarro\/wp-json\/wp\/v2\/posts"}],"about":[{"href":"https:\/\/blogs.ideal.es\/abocajarro\/wp-json\/wp\/v2\/types\/post"}],"author":[{"embeddable":true,"href":"https:\/\/blogs.ideal.es\/abocajarro\/wp-json\/wp\/v2\/users\/6"}],"replies":[{"embeddable":true,"href":"https:\/\/blogs.ideal.es\/abocajarro\/wp-json\/wp\/v2\/comments?post=197"}],"version-history":[{"count":0,"href":"https:\/\/blogs.ideal.es\/abocajarro\/wp-json\/wp\/v2\/posts\/197\/revisions"}],"wp:attachment":[{"href":"https:\/\/blogs.ideal.es\/abocajarro\/wp-json\/wp\/v2\/media?parent=197"}],"wp:term":[{"taxonomy":"category","embeddable":true,"href":"https:\/\/blogs.ideal.es\/abocajarro\/wp-json\/wp\/v2\/categories?post=197"},{"taxonomy":"post_tag","embeddable":true,"href":"https:\/\/blogs.ideal.es\/abocajarro\/wp-json\/wp\/v2\/tags?post=197"}],"curies":[{"name":"wp","href":"https:\/\/api.w.org\/{rel}","templated":true}]}}