{"id":198,"date":"2010-10-20T09:21:00","date_gmt":"2010-10-20T09:21:00","guid":{"rendered":"http:\/\/blogs.ideal.es\/abocajarro\/?p=198"},"modified":"2010-10-20T09:21:00","modified_gmt":"2010-10-20T09:21:00","slug":"mallarines-extremo-oriente","status":"publish","type":"post","link":"https:\/\/blogs.ideal.es\/abocajarro\/2010\/10\/20\/mallarines-extremo-oriente\/","title":{"rendered":"Mallarines en extremo oriente"},"content":{"rendered":"<p>Un se\u00f1or  o se\u00f1orita que dice llamarse <A href=\"http:\/\/www.tk-harekeijob.jp\/\" rel=nofollow _extended=\"true\">?? ??<\/A> acaba de dejar un comentario en un post que colgu\u00e9 en marzo del a\u00f1o pasado, sobre el <A id=link_0 title=https:\/\/blogs.ideal.es\/abocajarro\/2010\/3\/22\/alta-tension#c53854345 href=\"https:\/\/blogs.ideal.es\/abocajarro\/2010\/3\/22\/alta-tension#c53854345\">rifirrafe entre la viuda del portero de la feria de Linares acribillado a tiros en 2008 y la familia Mallar\u00edn<\/A>, en el juicio que conden\u00f3 a los responsables de la muerte. En el art\u00edculo se comenta que la tensi\u00f3n fue m\u00e1xima. El se\u00f1or o se\u00f1orita <A href=\"http:\/\/www.tk-harekeijob.jp\/\" rel=nofollow _extended=\"true\">?? ??<\/A> ,desde la gran experiencia en mallarines que tienen en extremo oriente, confirma que aquello era un polvor\u00edn. &#8220;I think so too&#8221; (Yo  creo lo mismo tambi\u00e9n), se atreve a decir.<\/p>\n<p>Los trucos para colar publicidad en los blogs son infames. Pero hacerlo con caracteres chinos o japoneses en el blog de un t\u00edo de Jabalquinto, como es el caso, es ya lo m\u00e1ximo. Saludos, se\u00f1or o se\u00f1orita <A href=\"http:\/\/www.tk-harekeijob.jp\/\" rel=nofollow _extended=\"true\">?? ??<\/A> , bienvenido a abocajarro. Pero aqu\u00ed no nos va a vender usted ni un col\u00edn como no espabile.<\/p>\n<p>(Si pinchas en los caracteres japoneses te mandan a una p\u00e1gina donde unas se\u00f1oritas creo que japonesas te explican lo solitas que est\u00e1n y las ganas que tienen de conocer var\u00f3n ib\u00e9rico. O eso ha cre\u00eddo mi mente calenturienta al menos)<\/p>\n","protected":false},"excerpt":{"rendered":"<p>Un se\u00f1or o se\u00f1orita que dice llamarse ?? ?? acaba de dejar un comentario en un post que colgu\u00e9 en marzo del a\u00f1o pasado, sobre el rifirrafe entre la viuda del portero de la feria de Linares acribillado a tiros en 2008 y la familia Mallar\u00edn, en el juicio que conden\u00f3 a los responsables de [&hellip;]<\/p>\n","protected":false},"author":6,"featured_media":0,"comment_status":"open","ping_status":"closed","sticky":false,"template":"","format":"standard","meta":[],"categories":[2],"tags":[],"_links":{"self":[{"href":"https:\/\/blogs.ideal.es\/abocajarro\/wp-json\/wp\/v2\/posts\/198"}],"collection":[{"href":"https:\/\/blogs.ideal.es\/abocajarro\/wp-json\/wp\/v2\/posts"}],"about":[{"href":"https:\/\/blogs.ideal.es\/abocajarro\/wp-json\/wp\/v2\/types\/post"}],"author":[{"embeddable":true,"href":"https:\/\/blogs.ideal.es\/abocajarro\/wp-json\/wp\/v2\/users\/6"}],"replies":[{"embeddable":true,"href":"https:\/\/blogs.ideal.es\/abocajarro\/wp-json\/wp\/v2\/comments?post=198"}],"version-history":[{"count":0,"href":"https:\/\/blogs.ideal.es\/abocajarro\/wp-json\/wp\/v2\/posts\/198\/revisions"}],"wp:attachment":[{"href":"https:\/\/blogs.ideal.es\/abocajarro\/wp-json\/wp\/v2\/media?parent=198"}],"wp:term":[{"taxonomy":"category","embeddable":true,"href":"https:\/\/blogs.ideal.es\/abocajarro\/wp-json\/wp\/v2\/categories?post=198"},{"taxonomy":"post_tag","embeddable":true,"href":"https:\/\/blogs.ideal.es\/abocajarro\/wp-json\/wp\/v2\/tags?post=198"}],"curies":[{"name":"wp","href":"https:\/\/api.w.org\/{rel}","templated":true}]}}