{"id":199,"date":"2010-10-27T13:20:00","date_gmt":"2010-10-27T13:20:00","guid":{"rendered":"http:\/\/blogs.ideal.es\/abocajarro\/?p=199"},"modified":"2010-10-27T13:20:00","modified_gmt":"2010-10-27T13:20:00","slug":"a-ver-si-te-atreves-con-jose-ex-legionario","status":"publish","type":"post","link":"https:\/\/blogs.ideal.es\/abocajarro\/2010\/10\/27\/a-ver-si-te-atreves-con-jose-ex-legionario\/","title":{"rendered":"A ver si te atreves con Jos\u00e9, ex legionario"},"content":{"rendered":"<p>Despu\u00e9s de la <A id=link_0 title=http:\/\/www.ideal.es\/jaen\/20101026\/local\/jaen\/apalea-trabajador-tranvia-pasar-201010261908.html href=\"http:\/\/www.ideal.es\/jaen\/20101026\/local\/jaen\/apalea-trabajador-tranvia-pasar-201010261908.html\">infame paliza que un conductor bebido le dio al alba\u00f1il que maneja la paleta del stop del tranv\u00eda<\/A>, se han tomado medidas contundentes. Hoy la se\u00f1al la maneja nada menos que Jos\u00e9, (ese es el nombre que pone en su casco) ex legionario. &#8220;Lorenzo (el trabajador apaleado) es un tipo muy tranquilo, muy pac\u00edfico. Yo tambi\u00e9n, pero yo he estado en muchos sitios, he trabajado de portero en locales de noche, he sido legionario. S\u00e9 c\u00f3mo defenderme y c\u00f3mo responder a un tipo as\u00ed&#8221;, me ha contado esta ma\u00f1ana el propio Jos\u00e9. \u00c9l no entiende, si no es por la extrema agresividad del conductor, c\u00f3mo pudo producirse la paliza. &#8220;Lorenzo lleva muchos a\u00f1os trabajando en \u00e9sto. Sabe c\u00f3mo manejar a un t\u00edo agresivo. Lo deja pasar, y que luego, cuando se encuentre en obst\u00e1culo (en este caso un cami\u00f3n que descargaba hormig\u00f3n) que d\u00e9 la vuelta como pueda&#8221;. Pero no se l\u00eda a discutir con \u00e9l, viene a decir. Lo primero que har\u00e1 cuando acabe hoy su jornada ser\u00e1 ir al Pol\u00edgono del Valle, a casa de Lorenzo, para interesarse por su estado de salud. &#8220;Somos amigos desde hace tiempo&#8221;, explica mientras regula el tr\u00e1fico.<\/p>\n<p><IMG title=\"obras por Juan Esteban Poveda, en Flickr\" height=4 src=\"\/\/blogs.ideal.es\/trunk\/%3Ca%20href=\" width=28 ? 5120466034 38862367@N07 photos www.flickr.com http:><IMG height=135 alt=obras src=\"\/\/farm2.static.flickr.com\/1388\/5120466034_c3cd32705a_m.jpg\" width=240><\/p>\n<p> <\/A><br \/>\nEn Comisar\u00eda sigue hasta esta tarde A.M.S., de 41 a\u00f1os, detenido ayer por la tarde por la agresi\u00f3n, que hoy es la comidilla en Ja\u00e9n despu\u00e9s de que en ideal.es se contase ya lo ocurrido minutos despu\u00e9s de ocurrir los hechos. Por la tarde, indican fuentes policiales, lo pasar\u00e1n al juzgado de guardia para que el juez escuche su versi\u00f3n de los hechos. Mientras Lorenzo se recupera, Jos\u00e9 seguir\u00e1 regulando el tr\u00e1fico con la paleta. A ver si se atreven con un ex legionario. <\/p>\n","protected":false},"excerpt":{"rendered":"<p>Despu\u00e9s de la infame paliza que un conductor bebido le dio al alba\u00f1il que maneja la paleta del stop del tranv\u00eda, se han tomado medidas contundentes. Hoy la se\u00f1al la maneja nada menos que Jos\u00e9, (ese es el nombre que pone en su casco) ex legionario. &#8220;Lorenzo (el trabajador apaleado) es un tipo muy tranquilo, [&hellip;]<\/p>\n","protected":false},"author":6,"featured_media":0,"comment_status":"open","ping_status":"closed","sticky":false,"template":"","format":"standard","meta":[],"categories":[2],"tags":[114,119,165],"_links":{"self":[{"href":"https:\/\/blogs.ideal.es\/abocajarro\/wp-json\/wp\/v2\/posts\/199"}],"collection":[{"href":"https:\/\/blogs.ideal.es\/abocajarro\/wp-json\/wp\/v2\/posts"}],"about":[{"href":"https:\/\/blogs.ideal.es\/abocajarro\/wp-json\/wp\/v2\/types\/post"}],"author":[{"embeddable":true,"href":"https:\/\/blogs.ideal.es\/abocajarro\/wp-json\/wp\/v2\/users\/6"}],"replies":[{"embeddable":true,"href":"https:\/\/blogs.ideal.es\/abocajarro\/wp-json\/wp\/v2\/comments?post=199"}],"version-history":[{"count":0,"href":"https:\/\/blogs.ideal.es\/abocajarro\/wp-json\/wp\/v2\/posts\/199\/revisions"}],"wp:attachment":[{"href":"https:\/\/blogs.ideal.es\/abocajarro\/wp-json\/wp\/v2\/media?parent=199"}],"wp:term":[{"taxonomy":"category","embeddable":true,"href":"https:\/\/blogs.ideal.es\/abocajarro\/wp-json\/wp\/v2\/categories?post=199"},{"taxonomy":"post_tag","embeddable":true,"href":"https:\/\/blogs.ideal.es\/abocajarro\/wp-json\/wp\/v2\/tags?post=199"}],"curies":[{"name":"wp","href":"https:\/\/api.w.org\/{rel}","templated":true}]}}