{"id":210,"date":"2010-11-15T21:05:00","date_gmt":"2010-11-15T21:05:00","guid":{"rendered":"http:\/\/blogs.ideal.es\/abocajarro\/?p=210"},"modified":"2010-11-15T21:05:00","modified_gmt":"2010-11-15T21:05:00","slug":"inmigrantes-la-calle-albergues-cerrados","status":"publish","type":"post","link":"https:\/\/blogs.ideal.es\/abocajarro\/2010\/11\/15\/inmigrantes-la-calle-albergues-cerrados\/","title":{"rendered":"Inmigrantes en la calle, albergues cerrados"},"content":{"rendered":"<p>Copio aqu\u00ed el informe de C\u00e1ritas sobre la situaci\u00f3n de los inmigrantes que duermen en la calle en Ja\u00e9n estos d\u00edas. <\/p>\n<p> <BLOCKQUOTE>Vista la situaci\u00f3n que estamos viviendo al d\u00eda de hoy en la provincia con la presencia de los inmigrantes que vienen a la recolecci\u00f3n de la aceituna, y la no utilizaci\u00f3n de los recursos p\u00fablicos existentes para su acogida, C\u00e1ritas est\u00e1 obligada a darla a conocer a los ciudadanos y exigir a las Administraciones P\u00fablicas que adopten urgentemente las medidas adecuadas, a fin evitar que varios centenares de personas pernocten en lugares inhumanos, con el riesgo de sufrir alguna consecuencia que todos lamentar\u00edamos despu\u00e9s. Todos tenemos conocimiento de las previsiones meteorol\u00f3gicas de estos d\u00edas y de los que se avecinan.<\/p>\n<p>La informaci\u00f3n proporcionada por los voluntarios de C\u00e1ritas en este fin de semana es la siguiente:<br \/>\nCiudad de Ja\u00e9n.-<\/p>\n<p><STRONG><\/p>\n<p>Noche del viernes 12 al s\u00e1bado13 de noviembre:<\/p>\n<p><\/STRONG>\u201cEl equipo de ayer ( Vocalia de Caridad de la Clemencia) me comunica que anoche encontraron a 54 personas durmiendo en la calle repartidas por todos los cajeros de la avenida, en la puerta del albergue, por detr\u00e1s del mismo y bajo el puente de la explanada. Utilizaron 6 termos y pocos sacos y mantas ( la mayoria ya tienen). el albergue estaba completo y en san roque se dieron 101 cenas\u201d.<\/p>\n<p><STRONG><\/p>\n<p>Noche del s\u00e1bado 13 al domingo 14 de noviembre:<\/p>\n<p><\/STRONG>\u201c(Equipo de la Parroquia de San Juan Bosco y HOAC) Como veis esta tarde ya est\u00e1 lloviendo, las noches empiezan a ser cada vez m\u00e1s fr\u00edas y seguimos con los inmigrantes temporeros en la calle. Por lo que nos vamos comunicando los equipos que salimos en los dispositivos hay una media de 40 o 50 personas, al menos. Es muy posible que haya tambi\u00e9n alg\u00fan grupo m\u00e1s o menos importante con alg\u00fan refugio cercano en el campo. Sabemos que el s\u00e1bado pasado nos hablaron de que hab\u00eda gente por las olivas\u201d<\/p>\n<p><STRONG><\/p>\n<p>Noche del domingo 14 al lunes 15 de noviembre:<\/p>\n<p><\/STRONG>\u201cDesde el dispositivo del domingo 14, con personas de la Instituci\u00f3n Teresiana, os comunicamos situaci\u00f3n de inmigrantes a d\u00eda de hoy:<br \/>\nHoy estaba lloviendo durante casi todo nuestro recorrido: lluvia y fr\u00edo, que han hecho m\u00e1s penoso nuestro encuentro con los chavales temporeros.<br \/>\nhoy domingo ha sido masiva la llegada de inmigrante. m\u00e1s de 1oo personas han pasado por all\u00ed preguntando por alojamiento en el d\u00eda de hoy. Se ve que al pasar el fin de semana, hay de nuevo llegada de inmigrantes de cara a la semana que comienza.<br \/>\nHemos pasado a al grupo que hay tras el albergue y estaban esper\u00e1ndonos para tomar un caf\u00e9 calentito y galletas Hemos sufrido por verlos en esa situaci\u00f3n, lloviendo, cubiertos de pl\u00e1sticos y con la sonrisa en los labios Hemos pasado un buen rato juntos y hemos re\u00eddo de las cosas que nos dec\u00edamos: el fr\u00edo, la falta de tele all\u00ed para ver el partido&#8230;ha sido un encuentro con el hermano cargado de ternura.<br \/>\nPorque nos parece que nuestras salidas son lo que son: salir al encuentro del hermano que me acerca a una realidad sufriente y que me impulsa a tomar medidas al respecto a nivel personal y grupal, como comunidad de creyentes en Jes\u00fas&#8230; como C\u00e1ritas.<br \/>\nDe all\u00ed nos hemos ido al t\u00fanel del ferial y&#8230; no se mojaban pero con una corriente de aire all\u00ed que era casi peor que el agua. Tambi\u00e9n hemos compartido caf\u00e9 y galletas y un ratillo m\u00e1s escaso de charla amiga. Habr\u00eda unas 25 &#8211; 30 personas tumbadas en fila apegadas a un lado del t\u00fanel&#8230;simb\u00f3lica la expresi\u00f3n&#8230;de un t\u00fanel.<br \/>\nLuego hemos acogido a un chaval que llegaba en la estaci\u00f3n de autobuses y no ten\u00eda sitio donde reclinar la cabeza. Lo hemos llevado al pasaje que hay algo m\u00e1s abajo de Casa Paco en el Paseo de la Estaci\u00f3n y, como no hab\u00eda cenado, nos hemos quedado un rato con \u00e9l mientras se tomaba leche y bastantes galletas no tra\u00eda ropa para dormir y le hemos dejado una manta y a otro chico que estaba all\u00ed absolutamente sin nada, le hemos dejado un saco de dormir. Les hemos indicado el recurso de S Ildefonso para el desayuno y duchas.<br \/>\nEn varios cajeros hemos repartido sacos y caf\u00e9. Hab\u00eda inmigrantes que estaban reci\u00e9n llegados y no ten\u00edan abrigo y sin cenar\u201d. <\/p>\n<p><STRONG><\/p>\n<p>Otras localidades de la provincia.-<\/p>\n<p><\/STRONG><STRONG>Alcal\u00e1 la Real:<\/STRONG> 20 personas durmiendo en la calle. Durante la ma\u00f1ana de hoy, lunes, se ha atendido a m\u00e1s de 50 inmigrantes.<\/p>\n<p><STRONG>Porcuna:<\/STRONG> Dado el n\u00famero de personas, tama\u00f1a, d\u00eda 16, se abre el comedor de C\u00e1ritas.<\/p>\n<p><STRONG>Puente de G\u00e9nave:<\/STRONG> Hay unas 10 personas en la calle.<\/p>\n<p><STRONG>\u00dabeda:<\/STRONG> Hay 60 personas durmiendo en la calle, principalmente en la Estaci\u00f3n de Autobuses.<\/p>\n<p><STRONG>Villacarrillo<\/STRONG>: Hay 20 personas en la calle.<\/p>\n<p>Todos estos datos confirman que en los \u00faltimos d\u00edas se ha incrementado claramente el n\u00famero de personas, con la seguridad de que as\u00ed va a suceder en los pr\u00f3ximos d\u00edas.<\/p>\n<p>C\u00e1ritas, ante los datos expuestos, y con la firmeza que le proporciona la gran cantidad de voluntarios que est\u00e1n dedicados a servir por amor a las personas m\u00e1s necesitadas, pide que las diversas Administraciones P\u00fablicas adopten las medidas que sean necesarias, y que son de su responsabilidad, para que ni un solo d\u00eda m\u00e1s haya personas viviendo con el cielo como techo y sin alimentaci\u00f3n alguna. Estas son necesidades b\u00e1sicas para todo ser humano, que no pueden ser negadas por ning\u00fan poder p\u00fablico.<\/p>\n<p>En esta tarea de atenci\u00f3n, C\u00e1ritas reitera su colaboraci\u00f3n incondicional con la Administraci\u00f3n para que los recursos disponibles y los que se destinen a tal fin se utilicen del modo m\u00e1s \u00f3ptimo posible, incluidos los que son titularidad de esta instituci\u00f3n<\/BLOCKQUOTE><\/p>\n","protected":false},"excerpt":{"rendered":"<p>Copio aqu\u00ed el informe de C\u00e1ritas sobre la situaci\u00f3n de los inmigrantes que duermen en la calle en Ja\u00e9n estos d\u00edas. Vista la situaci\u00f3n que estamos viviendo al d\u00eda de hoy en la provincia con la presencia de los inmigrantes que vienen a la recolecci\u00f3n de la aceituna, y la no utilizaci\u00f3n de los recursos [&hellip;]<\/p>\n","protected":false},"author":6,"featured_media":0,"comment_status":"open","ping_status":"closed","sticky":false,"template":"","format":"standard","meta":[],"categories":[2],"tags":[30,88],"_links":{"self":[{"href":"https:\/\/blogs.ideal.es\/abocajarro\/wp-json\/wp\/v2\/posts\/210"}],"collection":[{"href":"https:\/\/blogs.ideal.es\/abocajarro\/wp-json\/wp\/v2\/posts"}],"about":[{"href":"https:\/\/blogs.ideal.es\/abocajarro\/wp-json\/wp\/v2\/types\/post"}],"author":[{"embeddable":true,"href":"https:\/\/blogs.ideal.es\/abocajarro\/wp-json\/wp\/v2\/users\/6"}],"replies":[{"embeddable":true,"href":"https:\/\/blogs.ideal.es\/abocajarro\/wp-json\/wp\/v2\/comments?post=210"}],"version-history":[{"count":0,"href":"https:\/\/blogs.ideal.es\/abocajarro\/wp-json\/wp\/v2\/posts\/210\/revisions"}],"wp:attachment":[{"href":"https:\/\/blogs.ideal.es\/abocajarro\/wp-json\/wp\/v2\/media?parent=210"}],"wp:term":[{"taxonomy":"category","embeddable":true,"href":"https:\/\/blogs.ideal.es\/abocajarro\/wp-json\/wp\/v2\/categories?post=210"},{"taxonomy":"post_tag","embeddable":true,"href":"https:\/\/blogs.ideal.es\/abocajarro\/wp-json\/wp\/v2\/tags?post=210"}],"curies":[{"name":"wp","href":"https:\/\/api.w.org\/{rel}","templated":true}]}}