{"id":215,"date":"2010-11-30T21:05:00","date_gmt":"2010-11-30T21:05:00","guid":{"rendered":"http:\/\/blogs.ideal.es\/abocajarro\/?p=215"},"modified":"2010-11-30T21:05:00","modified_gmt":"2010-11-30T21:05:00","slug":"ni-escuecen-ni-sonrojan","status":"publish","type":"post","link":"https:\/\/blogs.ideal.es\/abocajarro\/2010\/11\/30\/ni-escuecen-ni-sonrojan\/","title":{"rendered":"Ni escuecen ni sonrojan"},"content":{"rendered":"<p>D\u00eda para digerir el derbi y para recordar<A id=link_0 title=http:\/\/www.ideal.es\/jaen\/v\/20101128\/jaen\/jaen-mejora-dudosa-reputacion-20101128.html href=\"http:\/\/www.ideal.es\/jaen\/v\/20101128\/jaen\/jaen-mejora-dudosa-reputacion-20101128.html\"> la encuesta que IDEAL public\u00f3 el domingo, realizada por Merco ciudad<\/A>, en la que quedamos como, cuentan las cr\u00f3nicas, qued\u00f3 Cagancho en Ibros. Ja\u00e9n vuelve a salir en un estudio entre las ciudades del furg\u00f3n de cola. Una ciudad con dudosa reputaci\u00f3n. Aunque se ve que mejoramos (de ser la 62 de 78 ciudades en liza pasamos a ser los 52 de 81 en tres a\u00f1os).<\/p>\n<p>Pero cucha t\u00fa que el Villafa\u00f1e \u00e9se (el autor de la encuesta) se pensar\u00e1 que ha descubierto Am\u00e9rica. Las notas de todos los regidores espa\u00f1oles se pueden ver pinchando <A id=link_0 title=http:\/\/www.slideshare.net\/VillafaneAsociados\/merco-ciudad-2010alcaldes href=\"http:\/\/www.slideshare.net\/VillafaneAsociados\/merco-ciudad-2010alcaldes\">aqu\u00ed<\/A> . La imagen que transmite la gesti\u00f3n municipal jaenita es la tercera peor de Espa\u00f1a. Nuestra alcaldesa Carmen Pe\u00f1alver, a t\u00edtulo personal, queda la 70 de 81.<\/p>\n<p>A lo que iba. Que ese se\u00f1or Villafa\u00f1e se creer\u00e1 una lumbrera con estas revelaciones. Que este gobierno es un despiporre lo sabe cualquier jaenero de a pie, sin que tenga que venir a dec\u00edrselo un Villafa\u00f1e por mucho que sea de los pol\u00e9micos y famosos Villafa\u00f1es de toda la vida, muy reputados en la Complutense de Madrid. A saber: que lo del tr\u00e1fico es como para ponerse y no acabar, que las obras son un caos, que el paro arrasa ilusiones, que \u00e9sta es una ciudad aburrida pero tranquila, manejable, segura y baratuna, que no es poco en los tiempos que corren. Y que de puertas para adentro la ponemos a parir, pero que no nos gusta que los villafa\u00f1es de turno, por muy villafa\u00f1es reputados que sean, vengan a restreg\u00e1rnoslo.<\/p>\n<p>Lo cierto es que estamos ya tan acostumbrados a salir mal parados en todos las clasificaciones y encuestas nacionales que ya se nos ha hecho costra. Ni escuecen. Ni sonrojan a nadie.<\/p>\n","protected":false},"excerpt":{"rendered":"<p>D\u00eda para digerir el derbi y para recordar la encuesta que IDEAL public\u00f3 el domingo, realizada por Merco ciudad, en la que quedamos como, cuentan las cr\u00f3nicas, qued\u00f3 Cagancho en Ibros. Ja\u00e9n vuelve a salir en un estudio entre las ciudades del furg\u00f3n de cola. Una ciudad con dudosa reputaci\u00f3n. Aunque se ve que mejoramos [&hellip;]<\/p>\n","protected":false},"author":6,"featured_media":0,"comment_status":"open","ping_status":"closed","sticky":false,"template":"","format":"standard","meta":[],"categories":[2],"tags":[],"_links":{"self":[{"href":"https:\/\/blogs.ideal.es\/abocajarro\/wp-json\/wp\/v2\/posts\/215"}],"collection":[{"href":"https:\/\/blogs.ideal.es\/abocajarro\/wp-json\/wp\/v2\/posts"}],"about":[{"href":"https:\/\/blogs.ideal.es\/abocajarro\/wp-json\/wp\/v2\/types\/post"}],"author":[{"embeddable":true,"href":"https:\/\/blogs.ideal.es\/abocajarro\/wp-json\/wp\/v2\/users\/6"}],"replies":[{"embeddable":true,"href":"https:\/\/blogs.ideal.es\/abocajarro\/wp-json\/wp\/v2\/comments?post=215"}],"version-history":[{"count":0,"href":"https:\/\/blogs.ideal.es\/abocajarro\/wp-json\/wp\/v2\/posts\/215\/revisions"}],"wp:attachment":[{"href":"https:\/\/blogs.ideal.es\/abocajarro\/wp-json\/wp\/v2\/media?parent=215"}],"wp:term":[{"taxonomy":"category","embeddable":true,"href":"https:\/\/blogs.ideal.es\/abocajarro\/wp-json\/wp\/v2\/categories?post=215"},{"taxonomy":"post_tag","embeddable":true,"href":"https:\/\/blogs.ideal.es\/abocajarro\/wp-json\/wp\/v2\/tags?post=215"}],"curies":[{"name":"wp","href":"https:\/\/api.w.org\/{rel}","templated":true}]}}