{"id":23,"date":"2009-07-22T12:59:00","date_gmt":"2009-07-22T12:59:00","guid":{"rendered":"http:\/\/blogs.ideal.es\/abocajarro\/?p=23"},"modified":"2009-07-22T12:59:00","modified_gmt":"2009-07-22T12:59:00","slug":"miedo-el-cuerpo","status":"publish","type":"post","link":"https:\/\/blogs.ideal.es\/abocajarro\/2009\/07\/22\/miedo-el-cuerpo\/","title":{"rendered":"Miedo en el cuerpo"},"content":{"rendered":"\n<p> <IMG id=img_0 src=\"\/\/farm3.static.flickr.com\/2436\/3745939722_7457121b94.jpg\"><\/p>\n<p> Diego el pikiki sale de la Audiencia minutos despu\u00e9s de que un jurado popular le haya declarado <A id=link_0 title=http:\/\/www.ideal.es\/jaen\/20090721\/local\/linares\/pikikis-culpables-asesinato-otro-200907212058.html href=\"http:\/\/www.ideal.es\/jaen\/20090721\/local\/linares\/pikikis-culpables-asesinato-otro-200907212058.html\"><\/A><A id=link_1 title=http:\/\/www.ideal.es\/jaen\/20090721\/local\/linares\/pikikis-culpables-asesinato-otro-200907212058.html href=\"http:\/\/www.ideal.es\/jaen\/20090721\/local\/linares\/pikikis-culpables-asesinato-otro-200907212058.html\">culpable del asesinato <\/A>de Antonio Mallar\u00edn. Le van a caer entre 16 y 23 a\u00f1os de c\u00e1rcel. El mallar\u00edn se cag\u00f3 en sus muertos. Hay leyes que exigen que un insulto as\u00ed se pague con sangre. Las mismas leyes que ahora lo condenan a \u00e9l a muerte.<\/p>\n<p> La mirada de Diego no refleja el abatimiento de un hombre al que le esperan muchos a\u00f1os en pr\u00edsi\u00f3n. Es la mirada del miedo. No a la c\u00e1rcel, que ya conoce bien: lleva tres a\u00f1os esperando este juicio y ya cumpli\u00f3 seis a\u00f1os por homicidio en 1985. Lo que teme es una posible venganza de los mallarines. Durante toda su vida, dentro y fuera de la c\u00e1rcel, tendr\u00e1 que guardarse las espaldas. Sabe bien que la cosa va en serio. En el juicio ha denunciado la desaparici\u00f3n y m\u00e1s que posible asesinato de su hermano <A id=link_2 title=http:\/\/www.ideal.es\/jaen\/20081117\/jaen\/donde-esta-antonio-tostao-20081117.html href=\"http:\/\/www.ideal.es\/jaen\/20081117\/jaen\/donde-esta-antonio-tostao-20081117.html\">Antonio El Tostao<\/A>. Ojo por ojo.<\/p>\n<p> El que ha salido bien parado ha sido Sebasti\u00e1n M.F., al que el jurado ha declarado no culpable. Ya lo dije durante el juicio: gran defensa la planteada por el abogado Manuel Guti\u00e9rrez.<\/p>\n<p> (La foto, que consigue plasmar toda la tensi\u00f3n de la salida de Diego del Juzgado, es de Esther Mu\u00f1oz)<\/p>\n","protected":false},"excerpt":{"rendered":"<p>Diego el pikiki sale de la Audiencia minutos despu\u00e9s de que un jurado popular le haya declarado culpable del asesinato de Antonio Mallar\u00edn. Le van a caer entre 16 y 23 a\u00f1os de c\u00e1rcel. El mallar\u00edn se cag\u00f3 en sus muertos. Hay leyes que exigen que un insulto as\u00ed se pague con sangre. Las mismas [&hellip;]<\/p>\n","protected":false},"author":6,"featured_media":0,"comment_status":"open","ping_status":"closed","sticky":false,"template":"","format":"standard","meta":[],"categories":[2],"tags":[],"_links":{"self":[{"href":"https:\/\/blogs.ideal.es\/abocajarro\/wp-json\/wp\/v2\/posts\/23"}],"collection":[{"href":"https:\/\/blogs.ideal.es\/abocajarro\/wp-json\/wp\/v2\/posts"}],"about":[{"href":"https:\/\/blogs.ideal.es\/abocajarro\/wp-json\/wp\/v2\/types\/post"}],"author":[{"embeddable":true,"href":"https:\/\/blogs.ideal.es\/abocajarro\/wp-json\/wp\/v2\/users\/6"}],"replies":[{"embeddable":true,"href":"https:\/\/blogs.ideal.es\/abocajarro\/wp-json\/wp\/v2\/comments?post=23"}],"version-history":[{"count":0,"href":"https:\/\/blogs.ideal.es\/abocajarro\/wp-json\/wp\/v2\/posts\/23\/revisions"}],"wp:attachment":[{"href":"https:\/\/blogs.ideal.es\/abocajarro\/wp-json\/wp\/v2\/media?parent=23"}],"wp:term":[{"taxonomy":"category","embeddable":true,"href":"https:\/\/blogs.ideal.es\/abocajarro\/wp-json\/wp\/v2\/categories?post=23"},{"taxonomy":"post_tag","embeddable":true,"href":"https:\/\/blogs.ideal.es\/abocajarro\/wp-json\/wp\/v2\/tags?post=23"}],"curies":[{"name":"wp","href":"https:\/\/api.w.org\/{rel}","templated":true}]}}