{"id":24,"date":"2009-07-28T11:55:00","date_gmt":"2009-07-28T11:55:00","guid":{"rendered":"http:\/\/blogs.ideal.es\/abocajarro\/?p=24"},"modified":"2009-07-28T11:55:00","modified_gmt":"2009-07-28T11:55:00","slug":"humo-fuego-y-amor-propio","status":"publish","type":"post","link":"https:\/\/blogs.ideal.es\/abocajarro\/2009\/07\/28\/humo-fuego-y-amor-propio\/","title":{"rendered":"Humo, fuego y amor propio"},"content":{"rendered":"<p><IMG id=img_0 src=\"\/\/farm3.static.flickr.com\/2600\/3768778760_7308845431.jpg\"><\/p>\n<p>La imagen de arriba la tom\u00f3 Miguel Yanes, de <A id=link_0 title=http:\/\/www.aeguardabosquesjodar.org\/ href=\"http:\/\/www.aeguardabosquesjodar.org\/\">Guardabosques<\/A> de J\u00f3dar, el domingo por la tarde, cuando la sierra de Las Golondrinas de J\u00f3dar comenzaba a arder. Es el momento cr\u00edtico del tercer incendio de la temporada en los montes galdurienses. El momento en el que se pudo parar el desastre o vivir una cat\u00e1strofe con vidas humanas sacrificadas al fuego. Se hab\u00edan quemado ya unas 40 hect\u00e1reas. Las llamas trepaban monte arriba. Cerca de la cresta hab\u00eda un camino. El punto ideal donde intentar detener el frente. Si se llegaba a tiempo.<\/p>\n<p>Un ret\u00e9n subi\u00f3 a toda velocidad. Se trataba de llegar antes que las llamas, desbrozar y limpiar maleza hasta donde diese tiempo y aguantar a pie firme con las mangueras y los escobones (a la sombra y sin fuego hab\u00eda ese d\u00eda 40 grados) hasta frenar el incendio.<\/p>\n<p>Llegaron tarde. Casi al mismo tiempo que las llamas. Atacaron de firme. Con mucha m\u00e1s decisi\u00f3n de la que exige el uniforme amarillo que visten y la n\u00f3mina que les pagan a fin de mes. Hace quince d\u00edas los tuvieron diez horas peleando entre los espartales sin una gota de agua fresca  que echarse a la garganta abrasada. El domingo hab\u00eda agua, pero estaban rodeados de llamas de m\u00e1s de dos metros, escupiendo humo y maldiciones, conscientes de que se estaban jugando el chaleco para salvar una sierra que alguien est\u00e1 empe\u00f1ado en quemar.<\/p>\n<p>Un minuto despu\u00e9s de tomarse la imagen, el capataz vio que la cosa se pon\u00eda fea. Fea de verdad. Que iban a quedar copados por el fuego, que el humo no les dejaba ver ni donde escup\u00edan, que los ojos lloraban irritados de impotencia. As\u00ed que dio la orden: tirarlo todo y salir por piernas. Justo a tiempo. Las llamas saltaron ya el camino y siguieron sierra arriba. El ret\u00e9n se retir\u00f3 derrotado. Un pu\u00f1ado de hombres de caras ennegrecidas, callados monte abajo, sin apenas abrir la boca m\u00e1s que para maldecir aquel infierno, y tal vez tambi\u00e9n a aquellos que planifican el verano desde un despacho con aire acondicionado. Pero seguro que con la cabeza muy alta por la demostraci\u00f3n de coraje y amor propio que acababan de hacer. <\/p>\n","protected":false},"excerpt":{"rendered":"<p>La imagen de arriba la tom\u00f3 Miguel Yanes, de Guardabosques de J\u00f3dar, el domingo por la tarde, cuando la sierra de Las Golondrinas de J\u00f3dar comenzaba a arder. Es el momento cr\u00edtico del tercer incendio de la temporada en los montes galdurienses. El momento en el que se pudo parar el desastre o vivir una [&hellip;]<\/p>\n","protected":false},"author":6,"featured_media":0,"comment_status":"open","ping_status":"closed","sticky":false,"template":"","format":"standard","meta":[],"categories":[2],"tags":[],"_links":{"self":[{"href":"https:\/\/blogs.ideal.es\/abocajarro\/wp-json\/wp\/v2\/posts\/24"}],"collection":[{"href":"https:\/\/blogs.ideal.es\/abocajarro\/wp-json\/wp\/v2\/posts"}],"about":[{"href":"https:\/\/blogs.ideal.es\/abocajarro\/wp-json\/wp\/v2\/types\/post"}],"author":[{"embeddable":true,"href":"https:\/\/blogs.ideal.es\/abocajarro\/wp-json\/wp\/v2\/users\/6"}],"replies":[{"embeddable":true,"href":"https:\/\/blogs.ideal.es\/abocajarro\/wp-json\/wp\/v2\/comments?post=24"}],"version-history":[{"count":0,"href":"https:\/\/blogs.ideal.es\/abocajarro\/wp-json\/wp\/v2\/posts\/24\/revisions"}],"wp:attachment":[{"href":"https:\/\/blogs.ideal.es\/abocajarro\/wp-json\/wp\/v2\/media?parent=24"}],"wp:term":[{"taxonomy":"category","embeddable":true,"href":"https:\/\/blogs.ideal.es\/abocajarro\/wp-json\/wp\/v2\/categories?post=24"},{"taxonomy":"post_tag","embeddable":true,"href":"https:\/\/blogs.ideal.es\/abocajarro\/wp-json\/wp\/v2\/tags?post=24"}],"curies":[{"name":"wp","href":"https:\/\/api.w.org\/{rel}","templated":true}]}}