{"id":249,"date":"2011-03-22T21:25:00","date_gmt":"2011-03-22T21:25:00","guid":{"rendered":"http:\/\/blogs.ideal.es\/abocajarro\/?p=249"},"modified":"2011-03-22T21:25:00","modified_gmt":"2011-03-22T21:25:00","slug":"no-estais-solos","status":"publish","type":"post","link":"https:\/\/blogs.ideal.es\/abocajarro\/2011\/03\/22\/no-estais-solos\/","title":{"rendered":"No est\u00e1is solos"},"content":{"rendered":"<p>Conoc\u00ed a Maximiliano y a Isabel una ma\u00f1ana de sol. Nos hab\u00edamos citado en la gasolinera de La Salobreja. Ellos ya esperaban. Los reconoc\u00ed al instante. La tristeza en la mirada, los gestos nerviosos de quien se va a desnudar por primera vez delante de un periodista, de quien se juega sus esperanzas a una carta y con un desconocido. Fuimos a su casa. &#8220;Nos vinimos aqu\u00ed porque Javier quer\u00eda vivir en una casa&#8221;, me dijeron. Javier. Siempre Javier. <\/p>\n<p>Charlamos durante tres o cuatro horas. Ahora pienso que no fue hasta que sal\u00ed de su casa y asimil\u00e9 todo lo que hab\u00eda escuchado cuando fui consciente de que ah\u00ed hab\u00eda una buena historia que contar. Que no era una paraoia de unos padres desesperados.<\/p>\n<p>He escrito cuatro o cinco art\u00edculos sobre el caso, y conozco los detalles jur\u00eddicos del tema. Pero lo que no se me va la cabeza es la habitaci\u00f3n de Javier. La ropa con la que sali\u00f3 de su casa por \u00faltima vez, perfectamente doblada junto a la bolsa en la que se la entregaron a los padres. Su beca de la Universidad. Su bufanda del Real Madrid. En la mesita de noche, &#8216;La sombra del viento&#8217; con el marcador en la \u00faltima p\u00e1gina que ley\u00f3. A\u00fan est\u00e1 all\u00ed. Sus padres lo mantienen vivo. A los dos d\u00edas volv\u00eda a esa habitaci\u00f3n con la fot\u00f3grafa Celia Mond\u00e9jar. El primer d\u00eda a mi se me escaparon las l\u00e1grimas. Con Celia, los dos salimos con un nudo en la garganta. <\/p>\n<p>El primer d\u00eda grab\u00e9 unas im\u00e1genes. Viendo que en menos de una semana el grupo de amigos de Javier y de sus padres tiene ya <A id=link_0 title=http:\/\/www.facebook.com\/#!\/home.php?sk=group_198081903545312&#038;notif_t=group_activity href=\"http:\/\/www.facebook.com\/#!\/home.php?sk=group_198081903545312&#038;notif_t=group_activity\">dos mil amigos en Facebook<\/A>, no me resisto a compartirlas. Un peque\u00f1o homenaje a un chaval al que no conoc\u00ed en vida, pero del me hablan maravillas. Y a unos padres que deben saber que no est\u00e1n solos en su lucha.<\/p>\n<p> <OBJECT style=\"BORDER-BOTTOM: 0px; BORDER-LEFT: 0px; MARGIN: 0px; BACKGROUND: none transparent scroll repeat 0% 0%; BORDER-TOP: 0px; BORDER-RIGHT: 0px\" width=425 height=344><PARAM NAME=\"movie\" VALUE=\"http:\/\/www.youtube.com\/v\/VKQV4mjfVcc?hl=es&#038;fs=1\"><PARAM NAME=\"allowFullScreen\" VALUE=\"true\"><PARAM NAME=\"allowscriptaccess\" VALUE=\"always\">  <embed     src=\"\/\/www.youtube.com\/v\/VKQV4mjfVcc?hl=es&#038;fs=1\" type=\"application\/x-shockwave-flash\" allowscriptaccess=\"always\" allowfullscreen=\"true\" width=\"425\" height=\"344\"><\/embed><\/OBJECT><\/p>\n","protected":false},"excerpt":{"rendered":"<p>Conoc\u00ed a Maximiliano y a Isabel una ma\u00f1ana de sol. Nos hab\u00edamos citado en la gasolinera de La Salobreja. Ellos ya esperaban. Los reconoc\u00ed al instante. La tristeza en la mirada, los gestos nerviosos de quien se va a desnudar por primera vez delante de un periodista, de quien se juega sus esperanzas a una [&hellip;]<\/p>\n","protected":false},"author":6,"featured_media":0,"comment_status":"open","ping_status":"closed","sticky":false,"template":"","format":"standard","meta":[],"categories":[2],"tags":[],"_links":{"self":[{"href":"https:\/\/blogs.ideal.es\/abocajarro\/wp-json\/wp\/v2\/posts\/249"}],"collection":[{"href":"https:\/\/blogs.ideal.es\/abocajarro\/wp-json\/wp\/v2\/posts"}],"about":[{"href":"https:\/\/blogs.ideal.es\/abocajarro\/wp-json\/wp\/v2\/types\/post"}],"author":[{"embeddable":true,"href":"https:\/\/blogs.ideal.es\/abocajarro\/wp-json\/wp\/v2\/users\/6"}],"replies":[{"embeddable":true,"href":"https:\/\/blogs.ideal.es\/abocajarro\/wp-json\/wp\/v2\/comments?post=249"}],"version-history":[{"count":0,"href":"https:\/\/blogs.ideal.es\/abocajarro\/wp-json\/wp\/v2\/posts\/249\/revisions"}],"wp:attachment":[{"href":"https:\/\/blogs.ideal.es\/abocajarro\/wp-json\/wp\/v2\/media?parent=249"}],"wp:term":[{"taxonomy":"category","embeddable":true,"href":"https:\/\/blogs.ideal.es\/abocajarro\/wp-json\/wp\/v2\/categories?post=249"},{"taxonomy":"post_tag","embeddable":true,"href":"https:\/\/blogs.ideal.es\/abocajarro\/wp-json\/wp\/v2\/tags?post=249"}],"curies":[{"name":"wp","href":"https:\/\/api.w.org\/{rel}","templated":true}]}}