{"id":269,"date":"2011-06-29T13:07:00","date_gmt":"2011-06-29T13:07:00","guid":{"rendered":"http:\/\/blogs.ideal.es\/abocajarro\/?p=269"},"modified":"2011-06-29T13:07:00","modified_gmt":"2011-06-29T13:07:00","slug":"arriba-y-abajo","status":"publish","type":"post","link":"https:\/\/blogs.ideal.es\/abocajarro\/2011\/06\/29\/arriba-y-abajo\/","title":{"rendered":"Arriba y abajo"},"content":{"rendered":"<p>El alcalde Fern\u00e1ndez de Moya le ha cambiado el sentido a la escalera de la calle Nueva. Ahora sube. Antes bajaba. <\/p>\n<p> <OBJECT style=\"BORDER-BOTTOM: 0px; BORDER-LEFT: 0px; MARGIN: 0px; BACKGROUND: none transparent scroll repeat 0% 0%; BORDER-TOP: 0px; BORDER-RIGHT: 0px\" width=425 height=344><PARAM NAME=\"movie\" VALUE=\"http:\/\/www.youtube.com\/v\/kKNNO0mKVxY?hl=es&#038;fs=1\"><PARAM NAME=\"allowFullScreen\" VALUE=\"true\"><PARAM NAME=\"allowscriptaccess\" VALUE=\"always\">  <embed     src=\"\/\/www.youtube.com\/v\/kKNNO0mKVxY?hl=es&#038;fs=1\" type=\"application\/x-shockwave-flash\" allowscriptaccess=\"always\" allowfullscreen=\"true\" width=\"425\" height=\"344\"><\/embed><\/OBJECT><br \/>\nCuando sub\u00eda, el alcalde dice que ahora va seg\u00fan el sentido com\u00fan \u00bfY a ti que te parece?<\/p>\n","protected":false},"excerpt":{"rendered":"<p>El alcalde Fern\u00e1ndez de Moya le ha cambiado el sentido a la escalera de la calle Nueva. Ahora sube. Antes bajaba. Cuando sub\u00eda, el alcalde dice que ahora va seg\u00fan el sentido com\u00fan \u00bfY a ti que te parece?<\/p>\n","protected":false},"author":6,"featured_media":0,"comment_status":"open","ping_status":"closed","sticky":false,"template":"","format":"standard","meta":[],"categories":[2],"tags":[60],"_links":{"self":[{"href":"https:\/\/blogs.ideal.es\/abocajarro\/wp-json\/wp\/v2\/posts\/269"}],"collection":[{"href":"https:\/\/blogs.ideal.es\/abocajarro\/wp-json\/wp\/v2\/posts"}],"about":[{"href":"https:\/\/blogs.ideal.es\/abocajarro\/wp-json\/wp\/v2\/types\/post"}],"author":[{"embeddable":true,"href":"https:\/\/blogs.ideal.es\/abocajarro\/wp-json\/wp\/v2\/users\/6"}],"replies":[{"embeddable":true,"href":"https:\/\/blogs.ideal.es\/abocajarro\/wp-json\/wp\/v2\/comments?post=269"}],"version-history":[{"count":0,"href":"https:\/\/blogs.ideal.es\/abocajarro\/wp-json\/wp\/v2\/posts\/269\/revisions"}],"wp:attachment":[{"href":"https:\/\/blogs.ideal.es\/abocajarro\/wp-json\/wp\/v2\/media?parent=269"}],"wp:term":[{"taxonomy":"category","embeddable":true,"href":"https:\/\/blogs.ideal.es\/abocajarro\/wp-json\/wp\/v2\/categories?post=269"},{"taxonomy":"post_tag","embeddable":true,"href":"https:\/\/blogs.ideal.es\/abocajarro\/wp-json\/wp\/v2\/tags?post=269"}],"curies":[{"name":"wp","href":"https:\/\/api.w.org\/{rel}","templated":true}]}}