{"id":271,"date":"2011-05-18T09:31:00","date_gmt":"2011-05-18T09:31:00","guid":{"rendered":"http:\/\/blogs.ideal.es\/abocajarro\/?p=271"},"modified":"2011-05-18T09:31:00","modified_gmt":"2011-05-18T09:31:00","slug":"acampada-jaen","status":"publish","type":"post","link":"https:\/\/blogs.ideal.es\/abocajarro\/2011\/05\/18\/acampada-jaen\/","title":{"rendered":"Acampada en Ja\u00e9n"},"content":{"rendered":"<p>La muchachada del 15M y de las acampadas se prepara para montarla en Ja\u00e9n. La cita es a las ocho en la Plaza de la Constituci\u00f3n. La convocatoria vuela ya por las redes sociales aunque de momento no parte de ning\u00fan colectivo u organizaci\u00f3n. Son internautas a t\u00edtulo individual los que la promueven. Las asambleas de la v\u00edspera quedaron en nada.  <DIV>\u00bfPuede tomar fuerza el movimiento en Ja\u00e9n? Creo que s\u00ed. El domingo, antes de la efervescencia de Sol, hubo m\u00e1s de quinientas personas de manifestaci\u00f3n en Ja\u00e9n. Eso es mucho. Los sindicatos, con todos sus liberados, no re\u00fanen a tanta gente el 1 de Mayo. El domingo hubo ambientazo de movida gorda, me cuentan. Y ahora, a caballo ganador con lo que se est\u00e1 viendo en la tele y por las redes sociales, puede haber mucha buena gente que se apunte.<br \/>\n <DIV>Tengo curiosidad por ver qu\u00e9 hace Calahorro, el subdelegado del Gobierno. Seguro que el cuerpo le pide irse a la plaza y contarles batallitas a los chavales. En esp\u00edritu, el viejo rockero est\u00e1 cerca de ellos, me da la sensaci\u00f3n. El que tuvo, retuvo. Otra cosa es la obligaci\u00f3n en el cargo de sheriff que desempe\u00f1a. Y les tendr\u00e1 que mandar a la Polic\u00eda. Es la paranoia del PSOE estos d\u00edas: est\u00e1 deseando hacerle gui\u00f1os a los manifestantes, se muere por estar con ellos, cuelga su manifiesto en la red. Ha visto en las acampadas el \u00faltimo tren para evitar la debacle por la abstenci\u00f3n de su electorado. No se da cuenta de que si est\u00e1n en la calle es, precisamente, contra ellos (entre otros). Aunque el movimiento es apol\u00edtico, sociol\u00f3gicamente, me da la impresi\u00f3n, es la izquierda la que acampa al raso, hu\u00e9rfana de l\u00edderes y proyectos cre\u00edbles. As\u00ed que el PSOE, al final, se siente como la amante despechada, y les manda a la Polic\u00eda. Y los desaloja.<\/DIV> <DIV><br \/>\nACTUALIZACI\u00d3N: A las nueve de la noche hay poco m\u00e1s de medio centenar de chavales en la Plaza de la Constituci\u00f3n celebrando una asamblea. Las normas: no dar motivos para que la Polic\u00eda los eche, nada de canutos, nada de bebidas y m\u00e1ximo civismo. Algunos pretenden acampar. Caras de decepci\u00f3n. Se esperaba una respuesta mayor. Hacen una pancarta. &#8220;Una noche en la calle para no dormir en ella&#8221;. Bendita inocencia. Dejo un v\u00eddeo grabado a las nueve menos cuatro.<\/DIV> <DIV><\/DIV><\/DIV><br \/>\n <OBJECT style=\"BORDER-BOTTOM: 0px; BORDER-LEFT: 0px; MARGIN: 0px; BACKGROUND: none transparent scroll repeat 0% 0%; BORDER-TOP: 0px; BORDER-RIGHT: 0px\" width=425 height=344><PARAM NAME=\"movie\" VALUE=\"http:\/\/www.youtube.com\/v\/ALO-Y5YY4YY?hl=es&#038;fs=1\"><PARAM NAME=\"allowFullScreen\" VALUE=\"true\"><PARAM NAME=\"allowscriptaccess\" VALUE=\"always\"> <embed   src=\"\/\/www.youtube.com\/v\/ALO-Y5YY4YY?hl=es&#038;fs=1\" type=\"application\/x-shockwave-flash\" allowscriptaccess=\"always\" allowfullscreen=\"true\" width=\"425\" height=\"344\"><\/embed><\/OBJECT><\/p>\n","protected":false},"excerpt":{"rendered":"<p>La muchachada del 15M y de las acampadas se prepara para montarla en Ja\u00e9n. La cita es a las ocho en la Plaza de la Constituci\u00f3n. La convocatoria vuela ya por las redes sociales aunque de momento no parte de ning\u00fan colectivo u organizaci\u00f3n. Son internautas a t\u00edtulo individual los que la promueven. Las asambleas [&hellip;]<\/p>\n","protected":false},"author":6,"featured_media":0,"comment_status":"open","ping_status":"closed","sticky":false,"template":"","format":"standard","meta":[],"categories":[2],"tags":[4,7],"_links":{"self":[{"href":"https:\/\/blogs.ideal.es\/abocajarro\/wp-json\/wp\/v2\/posts\/271"}],"collection":[{"href":"https:\/\/blogs.ideal.es\/abocajarro\/wp-json\/wp\/v2\/posts"}],"about":[{"href":"https:\/\/blogs.ideal.es\/abocajarro\/wp-json\/wp\/v2\/types\/post"}],"author":[{"embeddable":true,"href":"https:\/\/blogs.ideal.es\/abocajarro\/wp-json\/wp\/v2\/users\/6"}],"replies":[{"embeddable":true,"href":"https:\/\/blogs.ideal.es\/abocajarro\/wp-json\/wp\/v2\/comments?post=271"}],"version-history":[{"count":0,"href":"https:\/\/blogs.ideal.es\/abocajarro\/wp-json\/wp\/v2\/posts\/271\/revisions"}],"wp:attachment":[{"href":"https:\/\/blogs.ideal.es\/abocajarro\/wp-json\/wp\/v2\/media?parent=271"}],"wp:term":[{"taxonomy":"category","embeddable":true,"href":"https:\/\/blogs.ideal.es\/abocajarro\/wp-json\/wp\/v2\/categories?post=271"},{"taxonomy":"post_tag","embeddable":true,"href":"https:\/\/blogs.ideal.es\/abocajarro\/wp-json\/wp\/v2\/tags?post=271"}],"curies":[{"name":"wp","href":"https:\/\/api.w.org\/{rel}","templated":true}]}}