{"id":274,"date":"2011-05-22T12:29:00","date_gmt":"2011-05-22T12:29:00","guid":{"rendered":"http:\/\/blogs.ideal.es\/abocajarro\/?p=274"},"modified":"2011-05-22T12:29:00","modified_gmt":"2011-05-22T12:29:00","slug":"votando","status":"publish","type":"post","link":"https:\/\/blogs.ideal.es\/abocajarro\/2011\/05\/22\/votando\/","title":{"rendered":"Votando"},"content":{"rendered":"<p>Isabel Mateos se estrena como candidata votando en el Santo Domingo. Tanta c\u00e1mara apabulla. As\u00ed que va a votar, pero no lleva el carn\u00e9 encima. Lo ten\u00eda su marido, al que le hab\u00eda dejado el monedero. Se tiene que dar la vuelta y ped\u00edrselo a sus acompa\u00f1antes. Es la an\u00e9cdota.<\/p>\n<p> C\u00e1ndido M\u00e9ndez, m\u00e1s acostumbrado, vota en el Alcal\u00e1 Wenceslada. Va con Pastrana. Se acompa\u00f1an en esta ma\u00f1ana: Patrana al Santo Domingo, en el Valle, y M\u00e9ndez en el barrio de Bel\u00e9n y San Roque.<\/p>\n<p> De momento, el \u00fanico que ha dicho lo de &#8220;la fiesta de la democracia&#8221; de momento ha sido Jos\u00e9 Enrique Fern\u00e1ndez de Moya (Mateos y Pe\u00f1alver eludieron el t\u00f3pico), me cuenta Jos\u00e9 M. Li\u00e9bana. Pe\u00f1alver vota dos veces: la de verdad y otra de pega a requerimiento de los fot\u00f3grafos, me cuenta Jorge Pastor.<\/p>\n<p> <OBJECT style=\"BORDER-BOTTOM: 0px; BORDER-LEFT: 0px; MARGIN: 0px; BACKGROUND: none transparent scroll repeat 0% 0%; BORDER-TOP: 0px; BORDER-RIGHT: 0px\" width=425 height=349><PARAM NAME=\"movie\" VALUE=\"http:\/\/www.youtube.com\/v\/FxjsX9d2orM?fs=1&#038;hl=es_ES\"><PARAM NAME=\"allowFullScreen\" VALUE=\"true\"><PARAM NAME=\"allowscriptaccess\" VALUE=\"always\"> <embed   src=\"\/\/www.youtube.com\/v\/FxjsX9d2orM?fs=1&#038;hl=es_ES\" type=\"application\/x-shockwave-flash\" width=\"425\" height=\"349\" allowscriptaccess=\"always\" allowfullscreen=\"true\"><\/embed><\/OBJECT><\/p>\n","protected":false},"excerpt":{"rendered":"<p>Isabel Mateos se estrena como candidata votando en el Santo Domingo. Tanta c\u00e1mara apabulla. As\u00ed que va a votar, pero no lleva el carn\u00e9 encima. Lo ten\u00eda su marido, al que le hab\u00eda dejado el monedero. Se tiene que dar la vuelta y ped\u00edrselo a sus acompa\u00f1antes. Es la an\u00e9cdota. C\u00e1ndido M\u00e9ndez, m\u00e1s acostumbrado, vota [&hellip;]<\/p>\n","protected":false},"author":6,"featured_media":0,"comment_status":"open","ping_status":"closed","sticky":false,"template":"","format":"standard","meta":[],"categories":[2],"tags":[5,57],"_links":{"self":[{"href":"https:\/\/blogs.ideal.es\/abocajarro\/wp-json\/wp\/v2\/posts\/274"}],"collection":[{"href":"https:\/\/blogs.ideal.es\/abocajarro\/wp-json\/wp\/v2\/posts"}],"about":[{"href":"https:\/\/blogs.ideal.es\/abocajarro\/wp-json\/wp\/v2\/types\/post"}],"author":[{"embeddable":true,"href":"https:\/\/blogs.ideal.es\/abocajarro\/wp-json\/wp\/v2\/users\/6"}],"replies":[{"embeddable":true,"href":"https:\/\/blogs.ideal.es\/abocajarro\/wp-json\/wp\/v2\/comments?post=274"}],"version-history":[{"count":0,"href":"https:\/\/blogs.ideal.es\/abocajarro\/wp-json\/wp\/v2\/posts\/274\/revisions"}],"wp:attachment":[{"href":"https:\/\/blogs.ideal.es\/abocajarro\/wp-json\/wp\/v2\/media?parent=274"}],"wp:term":[{"taxonomy":"category","embeddable":true,"href":"https:\/\/blogs.ideal.es\/abocajarro\/wp-json\/wp\/v2\/categories?post=274"},{"taxonomy":"post_tag","embeddable":true,"href":"https:\/\/blogs.ideal.es\/abocajarro\/wp-json\/wp\/v2\/tags?post=274"}],"curies":[{"name":"wp","href":"https:\/\/api.w.org\/{rel}","templated":true}]}}