{"id":277,"date":"2011-05-25T13:37:00","date_gmt":"2011-05-25T13:37:00","guid":{"rendered":"http:\/\/blogs.ideal.es\/abocajarro\/?p=277"},"modified":"2011-05-25T13:37:00","modified_gmt":"2011-05-25T13:37:00","slug":"ahi-siguen","status":"publish","type":"post","link":"https:\/\/blogs.ideal.es\/abocajarro\/2011\/05\/25\/ahi-siguen\/","title":{"rendered":"Ah\u00ed siguen"},"content":{"rendered":"<p>Tras la jornada electoral, el inter\u00e9s medi\u00e1tico y ciudadano por las acampadas del 15M se ha desinflado como por encantamiento. Ya no ocupan las portadas, ya no rabian las redes sociales (apenas hay medio centenar de referencias a la acampada de Ja\u00e9n en las \u00faltimas horas).<\/p>\n<p> Las promesas de amor eterno e ilusi\u00f3n de quienes se arrimaron al 15M calor de la novedad y del desencanto de una izquierda arrasada, temerosa por la derrota que se le ven\u00eda encima, sin l\u00edderes ni proyectos, se han roto. Los que intentaron manipular a los acampados en provecho propio bastante tienen con lo suyo. Hoy ya no se habla de derechos, utop\u00edas y revoluciones a la espa\u00f1ola, sino de primarias, elecciones anticipadas y nuevos alcaldes peperos. Y de qu\u00e9 co\u00f1o va a pasar con el tranv\u00eda, por supuesto. Pero ah\u00ed siguen, irreductibles, los \u00faltimos del campamento. <\/p>\n<p> Anoche hab\u00eda treinta o cuarenta personas a las once en una asamblea. Si se ha criticado tan duramente a los pol\u00edticos por estar alejados de la calle, ayer en la media hora que pas\u00e9 sentado con los acampados me sent\u00ed como si me hubieran dejado tirado en Marte. Ser\u00e1 que lo asambleario me confunde, y que soy m\u00e1s de elecciones libres. Os dejo algunas im\u00e1genes que grab\u00e9.<\/p>\n<p> <OBJECT style=\"BORDER-BOTTOM: 0px; BORDER-LEFT: 0px; MARGIN: 0px; BACKGROUND: none transparent scroll repeat 0% 0%; BORDER-TOP: 0px; BORDER-RIGHT: 0px\" width=425 height=344><PARAM NAME=\"movie\" VALUE=\"http:\/\/www.youtube.com\/v\/PqzW9oGz7dU?hl=es&#038;fs=1\"><PARAM NAME=\"allowFullScreen\" VALUE=\"true\"><PARAM NAME=\"allowscriptaccess\" VALUE=\"always\"> <embed   src=\"\/\/www.youtube.com\/v\/PqzW9oGz7dU?hl=es&#038;fs=1\" type=\"application\/x-shockwave-flash\" allowscriptaccess=\"always\" allowfullscreen=\"true\" width=\"425\" height=\"344\"><\/embed><\/OBJECT><\/p>\n","protected":false},"excerpt":{"rendered":"<p>Tras la jornada electoral, el inter\u00e9s medi\u00e1tico y ciudadano por las acampadas del 15M se ha desinflado como por encantamiento. Ya no ocupan las portadas, ya no rabian las redes sociales (apenas hay medio centenar de referencias a la acampada de Ja\u00e9n en las \u00faltimas horas). Las promesas de amor eterno e ilusi\u00f3n de quienes [&hellip;]<\/p>\n","protected":false},"author":6,"featured_media":0,"comment_status":"open","ping_status":"closed","sticky":false,"template":"","format":"standard","meta":[],"categories":[2],"tags":[4,7],"_links":{"self":[{"href":"https:\/\/blogs.ideal.es\/abocajarro\/wp-json\/wp\/v2\/posts\/277"}],"collection":[{"href":"https:\/\/blogs.ideal.es\/abocajarro\/wp-json\/wp\/v2\/posts"}],"about":[{"href":"https:\/\/blogs.ideal.es\/abocajarro\/wp-json\/wp\/v2\/types\/post"}],"author":[{"embeddable":true,"href":"https:\/\/blogs.ideal.es\/abocajarro\/wp-json\/wp\/v2\/users\/6"}],"replies":[{"embeddable":true,"href":"https:\/\/blogs.ideal.es\/abocajarro\/wp-json\/wp\/v2\/comments?post=277"}],"version-history":[{"count":0,"href":"https:\/\/blogs.ideal.es\/abocajarro\/wp-json\/wp\/v2\/posts\/277\/revisions"}],"wp:attachment":[{"href":"https:\/\/blogs.ideal.es\/abocajarro\/wp-json\/wp\/v2\/media?parent=277"}],"wp:term":[{"taxonomy":"category","embeddable":true,"href":"https:\/\/blogs.ideal.es\/abocajarro\/wp-json\/wp\/v2\/categories?post=277"},{"taxonomy":"post_tag","embeddable":true,"href":"https:\/\/blogs.ideal.es\/abocajarro\/wp-json\/wp\/v2\/tags?post=277"}],"curies":[{"name":"wp","href":"https:\/\/api.w.org\/{rel}","templated":true}]}}