{"id":28,"date":"2009-09-29T18:22:00","date_gmt":"2009-09-29T18:22:00","guid":{"rendered":"http:\/\/blogs.ideal.es\/abocajarro\/?p=28"},"modified":"2009-09-29T18:22:00","modified_gmt":"2009-09-29T18:22:00","slug":"baile-jueces","status":"publish","type":"post","link":"https:\/\/blogs.ideal.es\/abocajarro\/2009\/09\/29\/baile-jueces\/","title":{"rendered":"Baile de jueces"},"content":{"rendered":"<p><IMG id=img_0 src=\"\/\/farm3.static.flickr.com\/2471\/3966581550_fa4512d6f4_m.jpg\"> <IMG id=img_1 src=\"\/\/farm3.static.flickr.com\/2508\/3965810417_c2d11e9400_m.jpg\"><\/p>\n<p>El Consejo General del Poder Judicial ha elegido a Lourdes Molina como nueva presidenta de la Audiencia Provincial de Almer\u00eda. Pierde Ja\u00e9n a una gran magistrada con m\u00e1s de veinte a\u00f1os de profesi\u00f3n a sus espaldas. Una serrana (de Beas de Segura) por los cuatro costados. Por lo que parece, en Almer\u00eda la elecci\u00f3n ha sentado nada m\u00e1s que regular. Los otros cinco candidatos eran de la tierra. Y eso de que les llegue una de fuera no les ha gustado nada. Andan revisando el historial de Lourdes Molina hasta por el canto, a ver si pueden a\u00fan echar el nombramiento para atr\u00e1s.<\/p>\n<p>Por m\u00e1s que se cabreen los togados almerienses, estaba cantado. Lo primero, por los m\u00e9ritos de Molina. Adem\u00e1s, aunque todos lo nieguen, la pol\u00edtica de los jueces tiene mucho que ver en los nombramientos. Lourdes Molina es la apuesta de las asociaciones progresistas de la magistratura. Se cuenta incluso que mi tocayo el juez Poveda (tambi\u00e9n progresista) se retir\u00f3 de la competici\u00f3n para dejarle v\u00eda libre. Ella hab\u00eda dado la cara: le pele\u00f3 a M\u00e9ndez Lugo la presidencia del TSJA cuando nadie se atrevi\u00f3 a hacerlo. <\/p>\n<p>Hace meses, cuando tocaba designar presidente de la Audiencia de Ja\u00e9n, ella era una de las favoritas. Ten\u00eda reservado en el Coto para celebrarlo. Que Ja\u00e9n fuese para ella (hab\u00eda un lote de presidencias que asignar) era prioritario para la progres\u00eda judicial. No contaban con P\u00edo Aguirre. \u00c9l volc\u00f3 la balanza hacia Elena Arias Salgado, quien seg\u00fan la opini\u00f3n mayoritaria del mundo judicial jienense era la candidata ideal. Hubo fiesta en el Lech\u00f3n, y copa de consolaci\u00f3n en el Coto. Pero a Lourdes Molina &#8216;se la deb\u00edan&#8217;. Ya se hab\u00eda presentado hace a\u00f1os a la presidencia de la Audiencia de Almer\u00eda y se qued\u00f3 a las puertas. Ahora la plaza era suya. La votaci\u00f3n se ha ido demorando hasta que todo ha estado bien atado. <\/p>\n<p>Otro que ha cambiado de destino es Ra\u00fal Calder\u00f3n. El juez errante. Todo un personaje del mundo judicial jienense. Un juez que no deja indiferente a nadie. Cogi\u00f3 el testigo de otro cl\u00e1sico, Ca\u00f1ada Cl\u00e9, en el Penal 2 (ahora jubiloso magistrado de lo contencioso-administrativo), y se lo entrega a la joven magistrada Mar\u00eda del Carmen Carpio. Sangre joven para los juzgados de lo Penal, aut\u00e9nticas trituradoras de carne humana (est\u00e1n se\u00f1alando ya para noviembre de 2010 los juicios que entran ahora). Que siga el baile.<\/p>\n","protected":false},"excerpt":{"rendered":"<p>El Consejo General del Poder Judicial ha elegido a Lourdes Molina como nueva presidenta de la Audiencia Provincial de Almer\u00eda. Pierde Ja\u00e9n a una gran magistrada con m\u00e1s de veinte a\u00f1os de profesi\u00f3n a sus espaldas. Una serrana (de Beas de Segura) por los cuatro costados. Por lo que parece, en Almer\u00eda la elecci\u00f3n ha [&hellip;]<\/p>\n","protected":false},"author":6,"featured_media":0,"comment_status":"open","ping_status":"closed","sticky":false,"template":"","format":"standard","meta":[],"categories":[2],"tags":[],"_links":{"self":[{"href":"https:\/\/blogs.ideal.es\/abocajarro\/wp-json\/wp\/v2\/posts\/28"}],"collection":[{"href":"https:\/\/blogs.ideal.es\/abocajarro\/wp-json\/wp\/v2\/posts"}],"about":[{"href":"https:\/\/blogs.ideal.es\/abocajarro\/wp-json\/wp\/v2\/types\/post"}],"author":[{"embeddable":true,"href":"https:\/\/blogs.ideal.es\/abocajarro\/wp-json\/wp\/v2\/users\/6"}],"replies":[{"embeddable":true,"href":"https:\/\/blogs.ideal.es\/abocajarro\/wp-json\/wp\/v2\/comments?post=28"}],"version-history":[{"count":0,"href":"https:\/\/blogs.ideal.es\/abocajarro\/wp-json\/wp\/v2\/posts\/28\/revisions"}],"wp:attachment":[{"href":"https:\/\/blogs.ideal.es\/abocajarro\/wp-json\/wp\/v2\/media?parent=28"}],"wp:term":[{"taxonomy":"category","embeddable":true,"href":"https:\/\/blogs.ideal.es\/abocajarro\/wp-json\/wp\/v2\/categories?post=28"},{"taxonomy":"post_tag","embeddable":true,"href":"https:\/\/blogs.ideal.es\/abocajarro\/wp-json\/wp\/v2\/tags?post=28"}],"curies":[{"name":"wp","href":"https:\/\/api.w.org\/{rel}","templated":true}]}}