{"id":280,"date":"2011-06-02T11:11:00","date_gmt":"2011-06-02T11:11:00","guid":{"rendered":"http:\/\/blogs.ideal.es\/abocajarro\/?p=280"},"modified":"2011-06-02T11:11:00","modified_gmt":"2011-06-02T11:11:00","slug":"27-440-euros-desde-infierno","status":"publish","type":"post","link":"https:\/\/blogs.ideal.es\/abocajarro\/2011\/06\/02\/27-440-euros-desde-infierno\/","title":{"rendered":"27.440 euros desde el infierno"},"content":{"rendered":"<p>A principios de mes escrib\u00ed un reportaje sobre jienenses en los campos de concentraci\u00f3n nazis con motivo del aniversario de la liberaci\u00f3n de Mauthausen, uno de los grandes mataderos de este siglo. No sali\u00f3 en la edici\u00f3n digital, as\u00ed que me pide el cuerpo compartirlo aqu\u00ed<\/p>\n<p> <BLOCKQUOTE> <P class=estiloTITULO align=justify><STRONG><\/p>\n<p> <P class=estiloTITULO align=justify>27.440 euros desde el infierno nazi<\/p>\n<p> <P class=estiloTITULO align=justify><\/STRONG>M\u00e1s de 130 nacidos en la provincia murieron en el campo de Gusen tras pasar por Mauthausen, de cuya liberaci\u00f3n se cumplen hoy 76 a\u00f1os<\/p>\n<p> <P class=estiloTEXTO align=justify><\/p>\n<p> <HR> JA\u00c9N. Juana Ruiz Fern\u00e1ndez, de Aldeaquemada, tiene de su padre la imagen de un mozo con uniforme de militar, con la gorra calada, la bayoneta colgando del cintur\u00f3n blanco, pantalones bombachos, botas altas y unos ojos que miran fijos a la c\u00e1mara. Es la \u00fanica imagen que tiene de \u00e9l. Se la debieron tomar all\u00e1 por 1936. Se separaron cuando ella ten\u00eda un a\u00f1o, en plena Guerra Civil. Juana no guarda de su padre ning\u00fan recuerdo. S\u00f3lo conserva de \u00e9l esa fotograf\u00eda, en tonos sepia. \u00c9so y 27.440,82 euros que va a recibir de la Rep\u00fablica de Francia, en concepto de \u00abayuda financiera en reconocimiento de los sufrimientos padecidos por los hu\u00e9rfanos cuyos padres han sido v\u00edctimas de padres de barbarie durante la Segunda Guerra Mundial\u00bb. Juan Ruiz Vivar fue una de las miles de v\u00edctimas de los campos de concentraci\u00f3n nazi de Mauthausen y Gusen, en lo que hoy es Austria. Seg\u00fan c\u00e1lculos del Gobierno de Espa\u00f1a m\u00e1s de 130 jienenses murieron all\u00ed. Y aunque pocos de sus hijos ya octogenarios lo saben, tienen derecho a cobrar una pensi\u00f3n. 27.440,80 euros que llegan desde el infierno de Mauthausen, de cuya liberaci\u00f3n se cumplen hoy 76 a\u00f1os.<br \/>\nLa Guerra Civil espa\u00f1ola llev\u00f3 a Juan Ruiz Vivar (nacido en Aldeaquemada el 26 de junio de 1910) a Barcelona. A Juana y a su hermano Antonio, fallecido recientemente, siempre les dijeron que el comienzo de la Segunda Guerra Mundial lo cogi\u00f3 en Francia. Desde all\u00ed leg\u00f3 la \u00faltima carta a Aldeaquemada: \u00abMi madre siempre me ha contado que dec\u00eda que la cosa estaba muy mal all\u00ed, y que estaba deseando volver a su pueblo&#8230; Y no pudo ser\u00bb. M\u00e1s de setenta a\u00f1os despu\u00e9s a Juana a\u00fan le tiembla la voz al recordar. Durante a\u00f1os es lo \u00fanico de lo que han tenido certeza en su familia. M\u00e1s de dos d\u00e9cadas estuvieron sin tener ninguna noticia de Juan. S\u00f3lo la incertidumbre m\u00e1s absoluta: \u00abMi madre lo busc\u00f3 por todas partes. \u00c9sta foto, la \u00fanica que tengo de \u00e9l, se envi\u00f3 tambi\u00e9n a unos refugiados espa\u00f1oles que estaban en M\u00e9xico. Y a otros de Aldeaquemada que estaban en Francia. Se mand\u00f3 a todos sitios. Y nada\u00bb.<br \/>\nEl 12 de marzo de 1959 la Cruz Roja Internacional, a donde hab\u00eda llegado la petici\u00f3n de ayuda de la familia a trav\u00e9s de Cruz Roja Espa\u00f1ola, encuentra una pista en los registros de los campos de concentraci\u00f3n nazi. El 28 de abril de 1960 la familia recibe la confirmaci\u00f3n oficial: Juan Ruiz Vivar hab\u00eda muerto en el campo de Gusen, cuatro kil\u00f3metros al oeste de Mauthausen, el 21 de octubre de 1942.<br \/>\nEl Ministerio de Cultura ha recopilado datos de los espa\u00f1oles que pasaron por los campos nazis en una p\u00e1gina web. En la ficha de Juan Ruiz Vivar se explica que fue deportado a Mauthausen (hoy Austria, pa\u00eds que se anexion\u00f3 Alemania en la Guerra) el ocho de agosto de 1941. En el antebrazo le tatuaron el n\u00famero 8.761, que consta como \u00abn\u00famero de prisionero\u00bb.<br \/>\nLa investigadora Pilar Pardo, que busca hijos de v\u00edctimas de los campos para que cobren su pensi\u00f3n, explica que los republicanos espa\u00f1oles comenzaron a llegar a los campos de concentraci\u00f3n en agosto de 1940 y durante todo 1941. All\u00ed trabajaron en la ampliaci\u00f3n de las instalaciones o en la cantera. De la cantera al campo hab\u00eda una escalera. 186 escalones que tienen su leyenda negra. Muchos reventaron all\u00ed cargados de piedras. \u00abCuando ya no eran \u00fatiles all\u00ed por enfermedad o debilidad los llevaban a Gusen\u00bb, dice Pardo. No hay constancia de cuando trasladaron a Ruiz. S\u00f3lo que muri\u00f3 all\u00ed el 21 de octubre de 1942. Gusen era un campo de no retorno. Durante 1941 se trabaj\u00f3 all\u00ed de firme para construir la trituradora de piedra m\u00e1s grande de Europa. Tambi\u00e9n emplearon a los prisioneros para hacer una l\u00ednea de ferrocarril.<br \/>\n41 d\u00edas juntos en el infierno<br \/>\nDurante cuarenta y un d\u00edas, Juan Ruiz coincidi\u00f3 en el campo con Manuel Quesada Olmos, nacido en Porcuna el 2 de enero de 1903. Su hijo, Eduardo Quesada, tiene ahora 82 a\u00f1os y vive en Barcelona. Todos los hermanos se buscaron la vida fuera del pueblo. \u00c9l s\u00ed tiene vagos recuerdos de su padre, que desapareci\u00f3 cuando \u00e9l ten\u00eda siete a\u00f1os. \u00abCuando empez\u00f3 la Guerra Civil vino mi padre a medianoche y nos dijo que nos ten\u00edamos que ir. Nos llev\u00f3 a Torredonjimeno, y all\u00ed estuvimos hasta que acab\u00f3 aquello\u00bb, explica. No puede precisar cuando dej\u00f3 de ver a su padre. Guarda una carta una carta enviada desde Francia en la que les ped\u00eda fotos. \u00abYo no puedo ir a veros\u00bb, les dec\u00eda a su mujer y a sus hijos. Ya no tuvieron noticias suyas hasta hace unos a\u00f1os.<br \/>\nManuel Quesada Olmos debi\u00f3 de ser de los primeros espa\u00f1oles en llegar a Mauthausen. Consta, seg\u00fan la ficha del Ministerio de Cultura, que fue deportado el 8 de septiembre de 1940. La esperanza de vida en los campos era baja. Un a\u00f1o y un mes despu\u00e9s de la fecha de ingreso, el 18 de septiembre de 1941, muri\u00f3.<br \/>\nTanto Manuel Quesada como Juan Ruiz convivieron en el tiempo que estuvieron en el campo con alrededor de 150 presos jienenses. Una veintena sali\u00f3 de Mauthausen con vida. M\u00e1s de 130 murieron. Hay constancia de v\u00edctimas de Alcal\u00e1 la Real (4), Alcaudete (3) Aldeaquemada (1), And\u00fajar (6), Arjona (2), Baeza (1), Bail\u00e9n (1), Beas (2), B\u00e9lmez (1), Campillo de Arenas (1), C\u00e1rchel (1), Castillo de Locub\u00edn (3), Cazalla de Martos (1), Cequia (1), Esca\u00f1uela (1), Fuensanta (1), Guarrom\u00e1n (3), Huelma (1), Huesa (1), Ibros (2), Jabalquinto (4), Ja\u00e9n (10), Jamilena (1), J\u00f3dar (2), La Carolina (6), La Guardia (1), La Iruela (1), Linares (9), Los Villares (2), Mancha Real (2), Martos (5), Meng\u00edbar (9), Mesa de Segura (1), Mures (1), Noalejo (3), Orcera (1), Pegalajar (1), Porcuna (3), Puente de G\u00e9nave (3), Ribera Alta (2), Sabiote (2) Santa Elena (1), Santiago de Calatrava (2), Segura de la Sierra (1), Torredonjimeno (3), Torres (1), \u00dabeda (1), Vilches (2), Villacarrillo (4), V. de la Reina (1), V. del Arzobispo (3). La mayor\u00eda acab\u00f3 en Gusen. Muchos ten\u00edan hijos. Y seg\u00fan Pilar Pardo pocos saben que a\u00fan tienen derecho a cobrar un dinero de Francia por haber crecido sin padre.<br \/>\n\u00abMire usted, a m\u00ed me han concedido. Tengo familiares que est\u00e1n con hipotecas y dem\u00e1s. Y mi pensi\u00f3n para que contar. Es un dinero que nos viene muy bien, tal y como est\u00e1 la cosa\u00bb, dice Eduardo Quesada. Dinero pagado con sangre sobradamente en el infierno nazi.<\/p>\n<p>(El correo electr\u00f3nico de Pilar Pardo, donde pueden ponerse en contacto con ella todos los interesados, <A href=\"mailto:pilar.pardo.v@hotmail.es\">pilar.pardo.v@hotmail.es<\/A>)<\/BLOCKQUOTE><\/p>\n","protected":false},"excerpt":{"rendered":"<p>A principios de mes escrib\u00ed un reportaje sobre jienenses en los campos de concentraci\u00f3n nazis con motivo del aniversario de la liberaci\u00f3n de Mauthausen, uno de los grandes mataderos de este siglo. No sali\u00f3 en la edici\u00f3n digital, as\u00ed que me pide el cuerpo compartirlo aqu\u00ed 27.440 euros desde el infierno nazi M\u00e1s de 130 [&hellip;]<\/p>\n","protected":false},"author":6,"featured_media":0,"comment_status":"open","ping_status":"closed","sticky":false,"template":"","format":"standard","meta":[],"categories":[2],"tags":[89,105,112],"_links":{"self":[{"href":"https:\/\/blogs.ideal.es\/abocajarro\/wp-json\/wp\/v2\/posts\/280"}],"collection":[{"href":"https:\/\/blogs.ideal.es\/abocajarro\/wp-json\/wp\/v2\/posts"}],"about":[{"href":"https:\/\/blogs.ideal.es\/abocajarro\/wp-json\/wp\/v2\/types\/post"}],"author":[{"embeddable":true,"href":"https:\/\/blogs.ideal.es\/abocajarro\/wp-json\/wp\/v2\/users\/6"}],"replies":[{"embeddable":true,"href":"https:\/\/blogs.ideal.es\/abocajarro\/wp-json\/wp\/v2\/comments?post=280"}],"version-history":[{"count":0,"href":"https:\/\/blogs.ideal.es\/abocajarro\/wp-json\/wp\/v2\/posts\/280\/revisions"}],"wp:attachment":[{"href":"https:\/\/blogs.ideal.es\/abocajarro\/wp-json\/wp\/v2\/media?parent=280"}],"wp:term":[{"taxonomy":"category","embeddable":true,"href":"https:\/\/blogs.ideal.es\/abocajarro\/wp-json\/wp\/v2\/categories?post=280"},{"taxonomy":"post_tag","embeddable":true,"href":"https:\/\/blogs.ideal.es\/abocajarro\/wp-json\/wp\/v2\/tags?post=280"}],"curies":[{"name":"wp","href":"https:\/\/api.w.org\/{rel}","templated":true}]}}