{"id":281,"date":"2011-06-08T13:14:00","date_gmt":"2011-06-08T13:14:00","guid":{"rendered":"http:\/\/blogs.ideal.es\/abocajarro\/?p=281"},"modified":"2011-06-08T13:14:00","modified_gmt":"2011-06-08T13:14:00","slug":"el-enlentecimiento-y-hambre","status":"publish","type":"post","link":"https:\/\/blogs.ideal.es\/abocajarro\/2011\/06\/08\/el-enlentecimiento-y-hambre\/","title":{"rendered":"El &#8220;enlentecimiento&#8221; y el hambre"},"content":{"rendered":"<p>En Madrid, los <A id=link_0 title=http:\/\/www.europapress.es\/nacional\/noticia-psoe-cree-pp-lanza-falacias-justificar-futuros-recortes-20110607152351.html href=\"http:\/\/www.europapress.es\/nacional\/noticia-psoe-cree-pp-lanza-falacias-justificar-futuros-recortes-20110607152351.html\">jerifaltes del PSOE han comenzado ya a repetir la consigna: que viene el PP con los rebajas<\/A>, adi\u00f3s al Estado del Bienestar all\u00e1 donde ganen los azulillos. Lo dice nada menos que Jos\u00e9 Antonio Alonso. Si la lectura que hacen del descalabro del 22M es que hay que meterle miedo al votante, van dados: el votante ya est\u00e1 acojonado vivo. Con lo que se ha visto en los \u00faltimos a\u00f1os, como para no estarlo. Mientras, en Andaluc\u00eda la consejera de Hacienda y Administraci\u00f3n P\u00fablica,<A id=link_1 title=http:\/\/www.europapress.es\/nacional\/noticia-psoe-cree-pp-lanza-falacias-justificar-futuros-recortes-20110607152351.html href=\"http:\/\/www.europapress.es\/nacional\/noticia-psoe-cree-pp-lanza-falacias-justificar-futuros-recortes-20110607152351.html\"> Carmen Mart\u00ednez Aguayo, ha asegurado que &#8220;no ha habido ni va a haber recortes&#8221;<\/A> en las pol\u00edticas presupuestarias de la Junta, aunque s\u00ed ha reconocido que se producir\u00e1 una &#8220;reprogramaci\u00f3n y enlentecimiento&#8221; de ciertas pol\u00edticas, de forma que &#8220;caminaremos al ritmo que nuestras piernas nos permitan pero no habr\u00e1 recortes&#8221;. <\/p>\n<p>Me pregunto qu\u00e9 pensar\u00e1 del &#8216;enlentecimiento&#8217; Antonio Guti\u00e9rrez, vecino de Villanueva de la Reina, 44 a\u00f1os, casado, con dos hijos de 17 y 18 a\u00f1os, con la mujer en paro y \u00e9l todav\u00eda empleado de EDM, aunque lleva varios meses sin cobrar y se ha puesto en huelga de hambre. El resto de la plantilla lleva 52 d\u00edas encerrada en la f\u00e1brica de Mancha Real. A algunos les deben seis n\u00f3minas. A otros diez. Y ayer la Junta les les dijo que no re\u00fanen ya los requisitos para seguir echando dinero p\u00fablico a ese saco. El enlentecimiento y el ritmo de las piernas, nunca los recortes. Antonio lleva ya varios meses viviendo gracias a las ayudas que le dan sus familiares. Y a\u00fan as\u00ed no llega a pagar los recibos. Dejo un v\u00eddeo que grab\u00e9 ayer (la calidad no es muy buena porque parte se grab\u00f3 con un tel\u00e9fono, pero ah\u00ed queda).<\/p>\n<p> <OBJECT style=\"BORDER-BOTTOM: 0px; BORDER-LEFT: 0px; MARGIN: 0px; BACKGROUND: none transparent scroll repeat 0% 0%; BORDER-TOP: 0px; BORDER-RIGHT: 0px\" width=425 height=344><PARAM NAME=\"movie\" VALUE=\"http:\/\/www.youtube.com\/v\/sFvpmIcUPSY?hl=es&#038;fs=1\"><PARAM NAME=\"allowFullScreen\" VALUE=\"true\"><PARAM NAME=\"allowscriptaccess\" VALUE=\"always\">  <embed     src=\"\/\/www.youtube.com\/v\/sFvpmIcUPSY?hl=es&#038;fs=1\" type=\"application\/x-shockwave-flash\" allowscriptaccess=\"always\" allowfullscreen=\"true\" width=\"425\" height=\"344\"><\/embed><\/OBJECT><br \/>\nPD: Auguro que adem\u00e1s de meter miedo con el argumento de la derechona, otra de las l\u00edneas estrat\u00e9gicas del pr\u00f3ximo a\u00f1o, hasta las generales y andaluzas, ser\u00e1 dar otra vuelta de tuerca al tema de la Guerra Civil. Al tiempo. <\/p>\n","protected":false},"excerpt":{"rendered":"<p>En Madrid, los jerifaltes del PSOE han comenzado ya a repetir la consigna: que viene el PP con los rebajas, adi\u00f3s al Estado del Bienestar all\u00e1 donde ganen los azulillos. Lo dice nada menos que Jos\u00e9 Antonio Alonso. Si la lectura que hacen del descalabro del 22M es que hay que meterle miedo al votante, [&hellip;]<\/p>\n","protected":false},"author":6,"featured_media":0,"comment_status":"open","ping_status":"closed","sticky":false,"template":"","format":"standard","meta":[],"categories":[2],"tags":[],"_links":{"self":[{"href":"https:\/\/blogs.ideal.es\/abocajarro\/wp-json\/wp\/v2\/posts\/281"}],"collection":[{"href":"https:\/\/blogs.ideal.es\/abocajarro\/wp-json\/wp\/v2\/posts"}],"about":[{"href":"https:\/\/blogs.ideal.es\/abocajarro\/wp-json\/wp\/v2\/types\/post"}],"author":[{"embeddable":true,"href":"https:\/\/blogs.ideal.es\/abocajarro\/wp-json\/wp\/v2\/users\/6"}],"replies":[{"embeddable":true,"href":"https:\/\/blogs.ideal.es\/abocajarro\/wp-json\/wp\/v2\/comments?post=281"}],"version-history":[{"count":0,"href":"https:\/\/blogs.ideal.es\/abocajarro\/wp-json\/wp\/v2\/posts\/281\/revisions"}],"wp:attachment":[{"href":"https:\/\/blogs.ideal.es\/abocajarro\/wp-json\/wp\/v2\/media?parent=281"}],"wp:term":[{"taxonomy":"category","embeddable":true,"href":"https:\/\/blogs.ideal.es\/abocajarro\/wp-json\/wp\/v2\/categories?post=281"},{"taxonomy":"post_tag","embeddable":true,"href":"https:\/\/blogs.ideal.es\/abocajarro\/wp-json\/wp\/v2\/tags?post=281"}],"curies":[{"name":"wp","href":"https:\/\/api.w.org\/{rel}","templated":true}]}}