{"id":32,"date":"2009-10-13T11:46:00","date_gmt":"2009-10-13T11:46:00","guid":{"rendered":"http:\/\/blogs.ideal.es\/abocajarro\/?p=32"},"modified":"2009-10-13T11:46:00","modified_gmt":"2009-10-13T11:46:00","slug":"la-pilarica-derrota-rubalcaba","status":"publish","type":"post","link":"https:\/\/blogs.ideal.es\/abocajarro\/2009\/10\/13\/la-pilarica-derrota-rubalcaba\/","title":{"rendered":"La Pilarica derrota a Rubalcaba"},"content":{"rendered":"<p>El 13 de mayo de 2008 se celebr\u00f3 por primera y \u00faltima vez vez en todas las comandancias de la Guardia Civil de Espa\u00f1a -y por orden del ministro Rubalcaba, con toda la pompa y boato de las que es capaz el Instituto Armado (taconazos, himnos, coronas a los ca\u00eddos&#8230;)- el aniversario de la fundaci\u00f3n de la Guardia Civil. El 164 aniversario. Digo yo que siempre es bueno celebrar la fundaci\u00f3n de algo tan historiado, pero elegir un n\u00famero tan feo y que no viene a cuento de nada como el 164 daba mala espina. Exist\u00eda entre los guardias el run-run de que aquello era un experimento para socavar a la Patrona, la Virgen del Pilar. Para acabar teniendo una fiesta laica. Los civiles, disciplinados y militarotes ellos, celebraron encendidamente la fiesta del 164 aniversario. Pero m\u00e1s por orden de la superioridad que por convencimiento, me pareci\u00f3 a mi. Moviendo poco el bigote, por aquello de la discreci\u00f3n marca de la casa, y con el tricornio de los d\u00edas de fiesta bien calado lo dec\u00edan a las claras: esto est\u00e1 muy bien, pero la fiesta de la Guardia Civil, la de verdad, es la Pilarica.<\/p>\n<p>Y en estas que llega a Ja\u00e9n el teniente coronel Almi\u00f1ana. Cuatro generaciones de guardias civiles en la familia lo contemplan. Se le nota a Almi\u00f1ana que le va lo militar. Ya lo dej\u00f3 claro el d\u00eda de su toma de posesi\u00f3n. Y en la Fiesta del PIlar de este a\u00f1o lo ha confirmado. La Comandancia se llen\u00f3 de esp\u00edritu castrense, que dir\u00edan los cronistas cl\u00e1sicos. Ah\u00ed va una foto de Francis J. Cano de uno de los momentos m\u00e1s sentidos del acto, la ofrenda a los ca\u00eddos.<\/p>\n<p><IMG id=img_0 src=\"\/\/farm4.static.flickr.com\/3507\/4008150974_9f87345d87.jpg\"><\/p>\n<p>El 12 de octubre fue un a\u00f1o m\u00e1s fiesta en todos los cuarteles de la Guardia Civil de Espa\u00f1a. En los 67 de Ja\u00e9n, tambi\u00e9n. Sin artificios, sin imposturas. La Pilarica y los civiles, el pincho de tortilla en el patio del cuartel y el vino espa\u00f1ol con el cura del pueblo, el alcalde y las fuerzas vivas de la localidad. En Ja\u00e9n tiraron la casa por la ventana en un hotelazo. La Pilarica triunfa de nuevo. \u00bfQui\u00e9n se acord\u00f3 ayer del 165 aniversario? \u00bfY de Rubalcaba?<\/p>\n","protected":false},"excerpt":{"rendered":"<p>El 13 de mayo de 2008 se celebr\u00f3 por primera y \u00faltima vez vez en todas las comandancias de la Guardia Civil de Espa\u00f1a -y por orden del ministro Rubalcaba, con toda la pompa y boato de las que es capaz el Instituto Armado (taconazos, himnos, coronas a los ca\u00eddos&#8230;)- el aniversario de la fundaci\u00f3n [&hellip;]<\/p>\n","protected":false},"author":6,"featured_media":0,"comment_status":"open","ping_status":"closed","sticky":false,"template":"","format":"standard","meta":[],"categories":[2],"tags":[38,79,130,177],"_links":{"self":[{"href":"https:\/\/blogs.ideal.es\/abocajarro\/wp-json\/wp\/v2\/posts\/32"}],"collection":[{"href":"https:\/\/blogs.ideal.es\/abocajarro\/wp-json\/wp\/v2\/posts"}],"about":[{"href":"https:\/\/blogs.ideal.es\/abocajarro\/wp-json\/wp\/v2\/types\/post"}],"author":[{"embeddable":true,"href":"https:\/\/blogs.ideal.es\/abocajarro\/wp-json\/wp\/v2\/users\/6"}],"replies":[{"embeddable":true,"href":"https:\/\/blogs.ideal.es\/abocajarro\/wp-json\/wp\/v2\/comments?post=32"}],"version-history":[{"count":0,"href":"https:\/\/blogs.ideal.es\/abocajarro\/wp-json\/wp\/v2\/posts\/32\/revisions"}],"wp:attachment":[{"href":"https:\/\/blogs.ideal.es\/abocajarro\/wp-json\/wp\/v2\/media?parent=32"}],"wp:term":[{"taxonomy":"category","embeddable":true,"href":"https:\/\/blogs.ideal.es\/abocajarro\/wp-json\/wp\/v2\/categories?post=32"},{"taxonomy":"post_tag","embeddable":true,"href":"https:\/\/blogs.ideal.es\/abocajarro\/wp-json\/wp\/v2\/tags?post=32"}],"curies":[{"name":"wp","href":"https:\/\/api.w.org\/{rel}","templated":true}]}}