{"id":323,"date":"2011-08-30T19:50:48","date_gmt":"2011-08-30T18:50:48","guid":{"rendered":"http:\/\/blogs.ideal.es\/abocajarro\/?p=323"},"modified":"2011-08-30T19:50:48","modified_gmt":"2011-08-30T18:50:48","slug":"lecturas-de-verano-kapucinski","status":"publish","type":"post","link":"https:\/\/blogs.ideal.es\/abocajarro\/2011\/08\/30\/lecturas-de-verano-kapucinski\/","title":{"rendered":"Lecturas de verano: Kapucinski"},"content":{"rendered":"<p><a href=\"\/abocajarro\/wp-content\/uploads\/sites\/10\/2011\/08\/kapucinski.jpg\"><img loading=\"lazy\" src=\"\/abocajarro\/wp-content\/uploads\/sites\/10\/2011\/08\/kapucinski-168x300.jpg\" alt=\"\" width=\"168\" height=\"300\" class=\"aligncenter size-medium wp-image-324\" \/><\/a><br \/>\nTras una vida de viajes y de patearse \u00c1frica de Norte a Sur y de Este a Oeste, el reportero polaco Ryszard Kapucinski (1932-2007), para algunos el mejor reportero del mundo, escribe sus recuerdos sobre el continente en \u00c9bano (1998). Imprescindible. Para periodistas, para personas interesadas en \u00c1frica y para quienes gusten de leer un buen libro.<br \/>\nLa primera vez que me hablaron de Kapucinski lo hizo la persona equivocada. Le tom\u00e9 ojeriza (a esa persona ya se la ten\u00eda, y el bueno de Kapucinski la hered\u00f3). Asi que durante a\u00f1os lo esquiv\u00e9. Cuando en 2003 le dieron el Pr\u00edncipe de Asturias ni me inmut\u00e9. La noticia de su muerte en 2007 me dej\u00f3 fr\u00edo. Este verano, me he rendido. \u00a1Grande Kapucinski!<br \/>\nHe tenido la suerte de viajar algo por \u00c1frica. Y este verano he vuelto a hacerlo de la mano del reportero polaco. Con rigor period\u00edstico y con calor humano me ha explicado el drama, los dramas, que afligen a los pueblos que forman el continente, su vida cotidiana, su pensamiento. Una lecci\u00f3n de periodismo y calidad humana en la mirada, en la manera de acercarse a las historias que cuenta.<br \/>\n<a href=\"\/abocajarro\/wp-content\/uploads\/sites\/10\/2011\/08\/kapucinski2.jpg\"><img loading=\"lazy\" src=\"\/abocajarro\/wp-content\/uploads\/sites\/10\/2011\/08\/kapucinski2-168x300.jpg\" alt=\"\" width=\"168\" height=\"300\" class=\"aligncenter size-medium wp-image-325\" \/><\/a><br \/>\nTras la aventura de \u00c9bano, septiembre me llega con Viajes con Her\u00f3doto. Lo llevo entre manos, pero avanza r\u00e1pido. Se devora. Viejas batallas de reportero, una lecci\u00f3n constante para periodistas o para quienes quieren acercarse al otro con el mayor de los respetos. Desde la historia, desde la filosof\u00eda y desde las historias de la vida cotidiana recogidas pate\u00e1ndose el mundo.<\/p>\n","protected":false},"excerpt":{"rendered":"<p>Tras una vida de viajes y de patearse \u00c1frica de Norte a Sur y de Este a Oeste, el reportero polaco Ryszard Kapucinski (1932-2007), para algunos el mejor reportero del mundo, escribe sus recuerdos sobre el continente en \u00c9bano (1998). Imprescindible. Para periodistas, para personas interesadas en \u00c1frica y para quienes gusten de leer un [&hellip;]<\/p>\n","protected":false},"author":6,"featured_media":0,"comment_status":"open","ping_status":"closed","sticky":false,"template":"","format":"standard","meta":[],"categories":[2],"tags":[],"_links":{"self":[{"href":"https:\/\/blogs.ideal.es\/abocajarro\/wp-json\/wp\/v2\/posts\/323"}],"collection":[{"href":"https:\/\/blogs.ideal.es\/abocajarro\/wp-json\/wp\/v2\/posts"}],"about":[{"href":"https:\/\/blogs.ideal.es\/abocajarro\/wp-json\/wp\/v2\/types\/post"}],"author":[{"embeddable":true,"href":"https:\/\/blogs.ideal.es\/abocajarro\/wp-json\/wp\/v2\/users\/6"}],"replies":[{"embeddable":true,"href":"https:\/\/blogs.ideal.es\/abocajarro\/wp-json\/wp\/v2\/comments?post=323"}],"version-history":[{"count":0,"href":"https:\/\/blogs.ideal.es\/abocajarro\/wp-json\/wp\/v2\/posts\/323\/revisions"}],"wp:attachment":[{"href":"https:\/\/blogs.ideal.es\/abocajarro\/wp-json\/wp\/v2\/media?parent=323"}],"wp:term":[{"taxonomy":"category","embeddable":true,"href":"https:\/\/blogs.ideal.es\/abocajarro\/wp-json\/wp\/v2\/categories?post=323"},{"taxonomy":"post_tag","embeddable":true,"href":"https:\/\/blogs.ideal.es\/abocajarro\/wp-json\/wp\/v2\/tags?post=323"}],"curies":[{"name":"wp","href":"https:\/\/api.w.org\/{rel}","templated":true}]}}