{"id":34,"date":"2009-10-21T13:12:00","date_gmt":"2009-10-21T13:12:00","guid":{"rendered":"http:\/\/blogs.ideal.es\/abocajarro\/?p=34"},"modified":"2009-10-21T13:12:00","modified_gmt":"2009-10-21T13:12:00","slug":"ana","status":"publish","type":"post","link":"https:\/\/blogs.ideal.es\/abocajarro\/2009\/10\/21\/ana\/","title":{"rendered":"Ana"},"content":{"rendered":"<p><IMG id=img_0 src=\"\/\/farm3.static.flickr.com\/2544\/4031802136_8885ac779d_m.jpg\"><\/p>\n<p>Ana es la chica de la foto. Probablemente la habr\u00e1n visto ya, en el peri\u00f3dico o en las teles de toda Espa\u00f1a. As\u00ed estaba horas despu\u00e9s de la tremenda paliza que le dio el domingo su ex novio, el de toda la vida. Ahora parece que los malos tratos se ven\u00edan sucediendo desde hace al menos un a\u00f1o. Si viesen la foto de Ana que hay sobre la c\u00f3moda del sal\u00f3n de su casa, con ella vestida de fiesta, pendientes largos, sonrisa radiante, seguramente sentir\u00edan una tremenda rabia. Impotencia. No quiero ni pensar lo que sienten ella y sus familiares.<\/p>\n<p>En la edici\u00f3n digital de IDEAL se ha generado cierto debate sobre si es conveniente o no mostrar este tipo de im\u00e1genes. Hay quien argumenta que atentan contra la dignidad de la v\u00edctima. Yo creo que no. La foto la hizo y la distribuy\u00f3 su hermano. Es cruda. Cierto. Dur\u00edsima. De acuerdo. Pero eso son los malos tratos. No son palabras huecas. Ni excusas que se inventan las feministas. Ni estad\u00edsticas. Ni cuatro pol\u00edticos detr\u00e1s de una pancarta los d\u00edas 25 de cada mes en la Plaza de las Batallas. Maltrato es la cara de Ana. Punto. Por eso creo que se debe publicar la foto. El largo camino en la lucha contra los malos tratos exige un tributo para remover las conciencias. Sangre fresca, hablando en plata. En esta ocasi\u00f3n, &#8216;afortunadamente&#8217;, hemos publicado la foto hecha desde la cama de un hospital. Otras veces sacamos los ataudes.<\/p>\n<p>Por desgracia la sangre no es sufienciente. Necesitamos ver. Tocar. Enrabiarnos con la familia. Sentir su dolor al ver la cara de Ana. Casos como el suyo son lo que mueven las conciencias, los que de verdad sensibilizan. De todas las v\u00edctimas de malos tratos de los \u00faltimos a\u00f1os en Ja\u00e9n recuerdo especialmente a <A id=link_0 title=http:\/\/www.rocioestepa.com\/ href=\"http:\/\/www.rocioestepa.com\/\">Roc\u00edo Estepa<\/A>. Gracias al esfuerzo de sus hermanos por honrar su menoria, por hacer llegar hasta la \u00faltima conciencia lo que le pas\u00f3, tengo presente su sonrisa cada vez que escribo de malos tratos. Ahora s\u00f3lo espero ver de nuevo la cara de Ana. Cuando pasen las operaciones y los juicios. Con una sonrisa.<\/p>\n","protected":false},"excerpt":{"rendered":"<p>Ana es la chica de la foto. Probablemente la habr\u00e1n visto ya, en el peri\u00f3dico o en las teles de toda Espa\u00f1a. As\u00ed estaba horas despu\u00e9s de la tremenda paliza que le dio el domingo su ex novio, el de toda la vida. Ahora parece que los malos tratos se ven\u00edan sucediendo desde hace al [&hellip;]<\/p>\n","protected":false},"author":6,"featured_media":0,"comment_status":"open","ping_status":"closed","sticky":false,"template":"","format":"standard","meta":[],"categories":[2],"tags":[],"_links":{"self":[{"href":"https:\/\/blogs.ideal.es\/abocajarro\/wp-json\/wp\/v2\/posts\/34"}],"collection":[{"href":"https:\/\/blogs.ideal.es\/abocajarro\/wp-json\/wp\/v2\/posts"}],"about":[{"href":"https:\/\/blogs.ideal.es\/abocajarro\/wp-json\/wp\/v2\/types\/post"}],"author":[{"embeddable":true,"href":"https:\/\/blogs.ideal.es\/abocajarro\/wp-json\/wp\/v2\/users\/6"}],"replies":[{"embeddable":true,"href":"https:\/\/blogs.ideal.es\/abocajarro\/wp-json\/wp\/v2\/comments?post=34"}],"version-history":[{"count":0,"href":"https:\/\/blogs.ideal.es\/abocajarro\/wp-json\/wp\/v2\/posts\/34\/revisions"}],"wp:attachment":[{"href":"https:\/\/blogs.ideal.es\/abocajarro\/wp-json\/wp\/v2\/media?parent=34"}],"wp:term":[{"taxonomy":"category","embeddable":true,"href":"https:\/\/blogs.ideal.es\/abocajarro\/wp-json\/wp\/v2\/categories?post=34"},{"taxonomy":"post_tag","embeddable":true,"href":"https:\/\/blogs.ideal.es\/abocajarro\/wp-json\/wp\/v2\/tags?post=34"}],"curies":[{"name":"wp","href":"https:\/\/api.w.org\/{rel}","templated":true}]}}