{"id":35,"date":"2009-10-30T11:29:00","date_gmt":"2009-10-30T11:29:00","guid":{"rendered":"http:\/\/blogs.ideal.es\/abocajarro\/?p=35"},"modified":"2009-10-30T11:29:00","modified_gmt":"2009-10-30T11:29:00","slug":"el-cono-la-espalda","status":"publish","type":"post","link":"https:\/\/blogs.ideal.es\/abocajarro\/2009\/10\/30\/el-cono-la-espalda\/","title":{"rendered":"El co\u00f1o en la espalda"},"content":{"rendered":"<p>Los presupuestos de la Junta me saben a a\u00f1ejo. A cosa rancia, como en blanco y negro. Me recuerdan a aquel viejo anuncio del co\u00f1ac Centenario, de bodegas Terry. Aquel de la rubiaca buenorra a caballo (un caballo blanco), flotando dentro de una camisilla liviana (y seg\u00fan la Espa\u00f1a de la Transici\u00f3n y el Destape nada m\u00e1s). Fue un buen truco publicitario aquella amazona que montaba a pelo. Sirvi\u00f3 para vender un co\u00f1ac del pele\u00f3n como algo exquisito. Ahora lo acaban de grabar de nuevo. Pero es el mismo esquema: rubiaca, caballo, camisilla y al trote cochinero. Eso es lo que nos hace la Junta a\u00f1o tras a\u00f1o. Le pone al medio cad\u00e1ver que es la Andaluc\u00eda del mill\u00f3n de parados una camisilla, la monta sobre un caballo blanco y nos hace creer que es una rubiaca que monta a pelo, para que nos pongamos cachondos. Se cree la Junta que a\u00fan cuela aquel truco con el que el Cid gan\u00f3 su \u00faltima batalla. Tan confiada est\u00e1 en que funciona que manda a Micaela y a Terev\u00e9 a impartir doctrina, y se queda tan tranquila.<\/p>\n<p>De aquel viejo anuncio de Centenario se hizo famoso un chiste: \u00bfCu\u00e1l es el \u00fanico animal con el co\u00f1o en la espalda? El caballo de Terry. O la Andaluc\u00eda del BOJA. Que m\u00e1s da. Si lo dice el R\u00e9gimen, acaba siendo verdad.<\/p>\n<p>Para los nost\u00e1lgicos, ah\u00ed va el anuncio de Centenario. El cl\u00e1sico. \u00c9l \u00fanico. El inigualable. El de la rubiaca y el caballo blanco.<\/p>\n<p> <OBJECT style=\"BORDER-RIGHT: 0px; BORDER-TOP: 0px; BACKGROUND: none transparent scroll repeat 0% 0%; MARGIN: 0px; BORDER-LEFT: 0px; WIDTH: 425px; BORDER-BOTTOM: 0px; HEIGHT: 252px\" height=252 width=425><PARAM NAME=\"movie\" VALUE=\"http:\/\/www.youtube.com\/v\/kj0gSZcJMOs&#038;hl=es&#038;fs=1&#038;\"><PARAM NAME=\"allowFullScreen\" VALUE=\"true\"><PARAM NAME=\"allowscriptaccess\" VALUE=\"always\">   <embed       src=\"\/\/www.youtube.com\/v\/kj0gSZcJMOs&#038;hl=es&#038;fs=1&#038;\" type=\"application\/x-shockwave-flash\" allowscriptaccess=\"always\" allowfullscreen=\"true\" width=\"425\" height=\"344\"><\/embed><\/OBJECT><\/p>\n","protected":false},"excerpt":{"rendered":"<p>Los presupuestos de la Junta me saben a a\u00f1ejo. A cosa rancia, como en blanco y negro. Me recuerdan a aquel viejo anuncio del co\u00f1ac Centenario, de bodegas Terry. Aquel de la rubiaca buenorra a caballo (un caballo blanco), flotando dentro de una camisilla liviana (y seg\u00fan la Espa\u00f1a de la Transici\u00f3n y el Destape [&hellip;]<\/p>\n","protected":false},"author":6,"featured_media":0,"comment_status":"open","ping_status":"closed","sticky":false,"template":"","format":"standard","meta":[],"categories":[2],"tags":[15,40,94,134,159],"_links":{"self":[{"href":"https:\/\/blogs.ideal.es\/abocajarro\/wp-json\/wp\/v2\/posts\/35"}],"collection":[{"href":"https:\/\/blogs.ideal.es\/abocajarro\/wp-json\/wp\/v2\/posts"}],"about":[{"href":"https:\/\/blogs.ideal.es\/abocajarro\/wp-json\/wp\/v2\/types\/post"}],"author":[{"embeddable":true,"href":"https:\/\/blogs.ideal.es\/abocajarro\/wp-json\/wp\/v2\/users\/6"}],"replies":[{"embeddable":true,"href":"https:\/\/blogs.ideal.es\/abocajarro\/wp-json\/wp\/v2\/comments?post=35"}],"version-history":[{"count":0,"href":"https:\/\/blogs.ideal.es\/abocajarro\/wp-json\/wp\/v2\/posts\/35\/revisions"}],"wp:attachment":[{"href":"https:\/\/blogs.ideal.es\/abocajarro\/wp-json\/wp\/v2\/media?parent=35"}],"wp:term":[{"taxonomy":"category","embeddable":true,"href":"https:\/\/blogs.ideal.es\/abocajarro\/wp-json\/wp\/v2\/categories?post=35"},{"taxonomy":"post_tag","embeddable":true,"href":"https:\/\/blogs.ideal.es\/abocajarro\/wp-json\/wp\/v2\/tags?post=35"}],"curies":[{"name":"wp","href":"https:\/\/api.w.org\/{rel}","templated":true}]}}