{"id":37,"date":"2009-11-03T12:51:00","date_gmt":"2009-11-03T12:51:00","guid":{"rendered":"http:\/\/blogs.ideal.es\/abocajarro\/?p=37"},"modified":"2009-11-03T12:51:00","modified_gmt":"2009-11-03T12:51:00","slug":"duelo-fiscales","status":"publish","type":"post","link":"https:\/\/blogs.ideal.es\/abocajarro\/2009\/11\/03\/duelo-fiscales\/","title":{"rendered":"Duelo de fiscales"},"content":{"rendered":"<p>En un rinc\u00f3n el campe\u00f3n, el fiscal jefe Jos\u00e9 Mar\u00eda Casado. En el otro, el aspirante, el fiscal Alberto L\u00f3pez. En juego el t\u00edtulo de Fiscal Jefe de la Audiencia Provincial de Ja\u00e9n. Se decide el pr\u00f3ximo d\u00eda 20. Hagan sus apuestas.<\/p>\n<p>Si yo me jugara los cuartos, la verdad, es que apostar\u00eda por <A id=link_0 title=http:\/\/www.ideal.es\/jaen\/20090208\/jaen\/fiscal-entre-focos-20090208.html href=\"http:\/\/www.ideal.es\/jaen\/20090208\/jaen\/fiscal-entre-focos-20090208.html\">Casado<\/A>. No voy a discutirle los m\u00e9ritos a Alberto L\u00f3pez, que los tiene y muchos. Una carrera ya de m\u00e1s de dos d\u00e9cadas, en su mayor parte desarrollada en Ja\u00e9n. Pero, repito, si tuviera que apostar mi dinero lo har\u00eda Jos\u00e9 Mar\u00eda Casado. Lo primero, porque ya es el fiscal jefe y se presenta a su primera reelecci\u00f3n. Adem\u00e1s, la decisi\u00f3n la toma en Madrid el Consejo Fiscal, del que Casado es miembro (ya tiene relevancia que el fiscal de Ja\u00e9n tenga presencia en el \u00f3rgano de gobierno de los fiscales). Es de caj\u00f3n que el puesto es suyo. <\/p>\n<p>No es la primera vez, me cuentan, que ambos fiscales aspiran a la jefatura en Ja\u00e9n. La otra vez fue hace cinco a\u00f1os, cuando ces\u00f3 por jubiliaci\u00f3n Luis Gonz\u00e1lez. Casado fue su segundo (teniente fiscal) durante 21 a\u00f1os. Cuando, antes de su elecci\u00f3n en 2004 le preguntaron por sus posibilidades, afirm\u00f3 que \u00abuno debe ser modesto, hay personas que est\u00e1n igual de preparadas que yo\u00bb. A la hora de la votaci\u00f3n, el apoyo a Casado fue un\u00e1nime.<\/p>\n<p>A Casado, adscrito a la Uni\u00f3n de Fiscales Progresistas, algunos le atribuir\u00e1n m\u00e9ritos y otros lo pondr\u00e1n a escurrir, que de todo hay en la vi\u00f1a del se\u00f1or (me consta que a los peperos de la provincia no les gusta ni un pelo despu\u00e9s del juicio de los votos manipulados en Baeza y el archivo de la denuncia contra Leocadio . Lo cierto es que est\u00e1 teniendo un papel muy importante en la transparencia para el ciudadano en el siempre herm\u00e9tico mundo de los tribunales.<\/p>\n","protected":false},"excerpt":{"rendered":"<p>En un rinc\u00f3n el campe\u00f3n, el fiscal jefe Jos\u00e9 Mar\u00eda Casado. En el otro, el aspirante, el fiscal Alberto L\u00f3pez. En juego el t\u00edtulo de Fiscal Jefe de la Audiencia Provincial de Ja\u00e9n. Se decide el pr\u00f3ximo d\u00eda 20. Hagan sus apuestas. Si yo me jugara los cuartos, la verdad, es que apostar\u00eda por Casado. [&hellip;]<\/p>\n","protected":false},"author":6,"featured_media":0,"comment_status":"open","ping_status":"closed","sticky":false,"template":"","format":"standard","meta":[],"categories":[2],"tags":[],"_links":{"self":[{"href":"https:\/\/blogs.ideal.es\/abocajarro\/wp-json\/wp\/v2\/posts\/37"}],"collection":[{"href":"https:\/\/blogs.ideal.es\/abocajarro\/wp-json\/wp\/v2\/posts"}],"about":[{"href":"https:\/\/blogs.ideal.es\/abocajarro\/wp-json\/wp\/v2\/types\/post"}],"author":[{"embeddable":true,"href":"https:\/\/blogs.ideal.es\/abocajarro\/wp-json\/wp\/v2\/users\/6"}],"replies":[{"embeddable":true,"href":"https:\/\/blogs.ideal.es\/abocajarro\/wp-json\/wp\/v2\/comments?post=37"}],"version-history":[{"count":0,"href":"https:\/\/blogs.ideal.es\/abocajarro\/wp-json\/wp\/v2\/posts\/37\/revisions"}],"wp:attachment":[{"href":"https:\/\/blogs.ideal.es\/abocajarro\/wp-json\/wp\/v2\/media?parent=37"}],"wp:term":[{"taxonomy":"category","embeddable":true,"href":"https:\/\/blogs.ideal.es\/abocajarro\/wp-json\/wp\/v2\/categories?post=37"},{"taxonomy":"post_tag","embeddable":true,"href":"https:\/\/blogs.ideal.es\/abocajarro\/wp-json\/wp\/v2\/tags?post=37"}],"curies":[{"name":"wp","href":"https:\/\/api.w.org\/{rel}","templated":true}]}}