{"id":374,"date":"2011-11-06T18:36:24","date_gmt":"2011-11-06T17:36:24","guid":{"rendered":"http:\/\/blogs.ideal.es\/abocajarro\/?p=374"},"modified":"2011-11-06T18:36:24","modified_gmt":"2011-11-06T17:36:24","slug":"campana-electoral-primeros-dias","status":"publish","type":"post","link":"https:\/\/blogs.ideal.es\/abocajarro\/2011\/11\/06\/campana-electoral-primeros-dias\/","title":{"rendered":"Campa\u00f1a electoral: primeros d\u00edas"},"content":{"rendered":"<p><object width=\"420\" height=\"315\"><param name=\"movie\" value=\"http:\/\/www.youtube.com\/v\/t0V4zYaYBtc?version=3&#038;hl=es_ES\"><\/param><param name=\"allowFullScreen\" value=\"true\"><\/param><param name=\"allowscriptaccess\" value=\"always\"><\/param><embed src=\"\/\/www.youtube.com\/v\/t0V4zYaYBtc?version=3&#038;hl=es_ES\" type=\"application\/x-shockwave-flash\" width=\"420\" height=\"315\" allowscriptaccess=\"always\" allowfullscreen=\"true\"><\/embed><\/object><\/p>\n<p>La campa\u00f1a electoral en Ja\u00e9n comenz\u00f3 oficialmente en IDEAL, donde juntamos a los candidatos un rato antes de que se fueran a pegar carteles. Buen rollito y juego limpio para empezar. Les pedimos el titular que les gustar\u00eda leer a cada uno el 21-N. El PP aspira a ganar por primera vez unas generales en la provincia. El PSOE a mantener su hegemon\u00eda. E IU quiere un diputado. PP y PSOE dan por bueno el 3-3. Pero est\u00e1 en juego ganar en Ja\u00e9n. &#8220;Aunque sea por un voto&#8221;, dicen a uno y oto lado. No es\u00a0moco de pavo.\u00a0Est\u00e1 en juego la historia. Y m\u00e1s. Puede ser otro aldabonazo en la carrerra de Fern\u00e1ndez de Moya, o una\u00a0posici\u00f3n de ventaja\u00a0para Reyes en las guerras internas del PSOE.\u00a0<\/p>\n<p>\u00a0<a href=\"https:\/\/blogs.ideal.es\/abocajarro\/2011\/11\/06\/campana-electoral-primeros-dias\/acto-publico-aldeahermosa\/\" rel=\"attachment wp-att-375\"><img loading=\"lazy\" class=\"aligncenter size-medium wp-image-375\" title=\"acto p\u00fablico aldeahermosa\" src=\"\/abocajarro\/wp-content\/uploads\/sites\/10\/2011\/11\/acto-p\u00fablico-aldeahermosa-300x200.jpg\" alt=\"\" width=\"300\" height=\"200\" \/><\/a><br \/>\nA Elvira Rodr\u00edguez le ha gustado aquello que le pusimos aqu\u00ed de &#8216;Elvira la Jaenera&#8217;. Me corrige un detalle: no estuvo dos veces en Ja\u00e9n antes de ser candidata por esta provincia al congreso. Hay al menos tres o cuatro visitas m\u00e1s. Una en campa\u00f1a, otra a \u00dabeda como secretaria de Estado y al menos una estancia privada con su familia a la sierra de And\u00fajar, en tiempo de berrea. &#8220;Maravilloso&#8221;, resume aquellos d\u00edas de monte y naturaleza. La candidata se est\u00e1 empapando bien de Ja\u00e9n estos d\u00edas. Se las ve muy implicada con la campa\u00f1a. Que d\u00e9 m\u00edtines en Aldeahermosa (en la foto, para los que s\u00f3lo creen lo que ven) y Venta de los Santos es buen ejemplo de que no\u00a0quiere esca\u00f1o regalado. Insito en que es un magn\u00edfico fichaje. Elvira va a estar en en n\u00facleo duro del Gobierno de Rajoy, donde de verdad se cuecen las habas. Y tener all\u00ed m\u00e1s voces que hablen por Ja\u00e9n (con Montoro se cuenta ya) puede ser valios\u00edsimo.<\/p>\n<p><a href=\"https:\/\/blogs.ideal.es\/abocajarro\/2011\/11\/06\/campana-electoral-primeros-dias\/villacarri\/\" rel=\"attachment wp-att-376\"><img loading=\"lazy\" class=\"aligncenter size-medium wp-image-376\" title=\"VILLACARRI\" src=\"\/abocajarro\/wp-content\/uploads\/sites\/10\/2011\/11\/VILLACARRI-300x199.jpg\" alt=\"\" width=\"300\" height=\"199\" \/><\/a><br \/>\nA Concha Guti\u00e9rrez no pude verla moverse en la distancia corta en el sarao del PSOE la noche de la pegada\u00a0 de carteles. Tras el acto oficial hizo mutis tras un rato, y yo llegu\u00e9 tarde. Pero tambi\u00e9n es de las que se mojan. Es otra de las que pesa en Madrid. Cambian los l\u00edderes y todos cuentan con ella.<\/p>\n<p>Estaba el ambiente cargadillo esa primera noche: por un lado Pe\u00f1alver y los suyos y por otro el resto del partido. Las miradas, los silencios, las negociaciones para ver quien hablaba y en\u00a0 calidad de qu\u00e9&#8230; Maestro Ar\u00e9valo que est\u00e1s en los cielos. Pa&#8217; hincharse de aullidos en las cloacas, cuchillos cachicuernos por los sembrados y personajes inquietos e inquietantes.<\/p>\n<p>Felipe L\u00f3pez asume galones y tira de la campa\u00f1a.Tantos a\u00f1os en papeles muy institucionales, gusta verlo bajar a la arena y fajarse cuando la cosa se pone parda y tocan a rebato. Antonio \u00c1vila se implica tambi\u00e9n. Y Paco Reyes, mu\u00f1idor discreto pero eficaz, es el coraz\u00f3n del d\u00eda a d\u00eda de la campa\u00f1a. A morir matando. Que no es igual perder con 120 diputados que con 150. Y en Ja\u00e9n no es igual perder que ganar.<br \/>\nEch\u00e9 en falta a Zarr\u00edas: de uno a dos de la lista, y desaparecido en los dos primeros d\u00edas de campa\u00f1a, algo ins\u00f3lito. Al tercero resucit\u00f3. En Villacarrillo, territorio amigo junto a Terev\u00e9. En la foto de arriba, del domingo, completan el cuadro la nueva delegada Purificaci\u00f3n G\u00e1lvez, Micaela, eternamente joven y en forma, el bullicioso Valdivielso y Pepe Castro.<\/p>\n","protected":false},"excerpt":{"rendered":"<p>La campa\u00f1a electoral en Ja\u00e9n comenz\u00f3 oficialmente en IDEAL, donde juntamos a los candidatos un rato antes de que se fueran a pegar carteles. Buen rollito y juego limpio para empezar. Les pedimos el titular que les gustar\u00eda leer a cada uno el 21-N. El PP aspira a ganar por primera vez unas generales en [&hellip;]<\/p>\n","protected":false},"author":6,"featured_media":0,"comment_status":"open","ping_status":"closed","sticky":false,"template":"","format":"standard","meta":[],"categories":[2],"tags":[],"_links":{"self":[{"href":"https:\/\/blogs.ideal.es\/abocajarro\/wp-json\/wp\/v2\/posts\/374"}],"collection":[{"href":"https:\/\/blogs.ideal.es\/abocajarro\/wp-json\/wp\/v2\/posts"}],"about":[{"href":"https:\/\/blogs.ideal.es\/abocajarro\/wp-json\/wp\/v2\/types\/post"}],"author":[{"embeddable":true,"href":"https:\/\/blogs.ideal.es\/abocajarro\/wp-json\/wp\/v2\/users\/6"}],"replies":[{"embeddable":true,"href":"https:\/\/blogs.ideal.es\/abocajarro\/wp-json\/wp\/v2\/comments?post=374"}],"version-history":[{"count":0,"href":"https:\/\/blogs.ideal.es\/abocajarro\/wp-json\/wp\/v2\/posts\/374\/revisions"}],"wp:attachment":[{"href":"https:\/\/blogs.ideal.es\/abocajarro\/wp-json\/wp\/v2\/media?parent=374"}],"wp:term":[{"taxonomy":"category","embeddable":true,"href":"https:\/\/blogs.ideal.es\/abocajarro\/wp-json\/wp\/v2\/categories?post=374"},{"taxonomy":"post_tag","embeddable":true,"href":"https:\/\/blogs.ideal.es\/abocajarro\/wp-json\/wp\/v2\/tags?post=374"}],"curies":[{"name":"wp","href":"https:\/\/api.w.org\/{rel}","templated":true}]}}