{"id":381,"date":"2011-11-12T19:47:48","date_gmt":"2011-11-12T18:47:48","guid":{"rendered":"http:\/\/blogs.ideal.es\/abocajarro\/?p=381"},"modified":"2011-11-12T19:47:48","modified_gmt":"2011-11-12T18:47:48","slug":"el-hombre-que-mejor-dice-viva-espana","status":"publish","type":"post","link":"https:\/\/blogs.ideal.es\/abocajarro\/2011\/11\/12\/el-hombre-que-mejor-dice-viva-espana\/","title":{"rendered":"El hombre que mejor dice Viva Espa\u00f1a"},"content":{"rendered":"<p>Me coge a pie cambiado, como casi a todo el mundo, el cese del coronel \u00c1ngel Sanz, ya ex delegado de Defensa en Ja\u00e9n. Parece que un cese sin explicaciones, por una superioridad adem\u00e1s que puede ser removida en pocos d\u00edas, apenas pasen las elecciones. Si fue por un qu\u00edtame all\u00e1 a un nazi colado o por el protocolo del d\u00eda de la Legi\u00f3n, nadie lo ha aclarado. Lo que s\u00ed tengo claro es que dif\u00edcilmente va a encontrar Defensa a otro hombre que defienda y represente a las Fuerzas Armadas en Ja\u00e9n con la clase y la pasi\u00f3n con las que lo ha hecho Sanz en los \u00faltimos nueve a\u00f1os. Y por supuesto, no encontrar\u00e1 a otro que lance vivas a Espa\u00f1a como \u00e9l. De hecho, \u00c1ngel Sanz es qui\u00e9n mejor dice Viva Espa\u00f1a del mundo. Sin duda porque le sale del alma.<\/p>\n","protected":false},"excerpt":{"rendered":"<p>Me coge a pie cambiado, como casi a todo el mundo, el cese del coronel \u00c1ngel Sanz, ya ex delegado de Defensa en Ja\u00e9n. Parece que un cese sin explicaciones, por una superioridad adem\u00e1s que puede ser removida en pocos d\u00edas, apenas pasen las elecciones. Si fue por un qu\u00edtame all\u00e1 a un nazi colado [&hellip;]<\/p>\n","protected":false},"author":6,"featured_media":0,"comment_status":"open","ping_status":"closed","sticky":false,"template":"","format":"standard","meta":[],"categories":[2],"tags":[],"_links":{"self":[{"href":"https:\/\/blogs.ideal.es\/abocajarro\/wp-json\/wp\/v2\/posts\/381"}],"collection":[{"href":"https:\/\/blogs.ideal.es\/abocajarro\/wp-json\/wp\/v2\/posts"}],"about":[{"href":"https:\/\/blogs.ideal.es\/abocajarro\/wp-json\/wp\/v2\/types\/post"}],"author":[{"embeddable":true,"href":"https:\/\/blogs.ideal.es\/abocajarro\/wp-json\/wp\/v2\/users\/6"}],"replies":[{"embeddable":true,"href":"https:\/\/blogs.ideal.es\/abocajarro\/wp-json\/wp\/v2\/comments?post=381"}],"version-history":[{"count":0,"href":"https:\/\/blogs.ideal.es\/abocajarro\/wp-json\/wp\/v2\/posts\/381\/revisions"}],"wp:attachment":[{"href":"https:\/\/blogs.ideal.es\/abocajarro\/wp-json\/wp\/v2\/media?parent=381"}],"wp:term":[{"taxonomy":"category","embeddable":true,"href":"https:\/\/blogs.ideal.es\/abocajarro\/wp-json\/wp\/v2\/categories?post=381"},{"taxonomy":"post_tag","embeddable":true,"href":"https:\/\/blogs.ideal.es\/abocajarro\/wp-json\/wp\/v2\/tags?post=381"}],"curies":[{"name":"wp","href":"https:\/\/api.w.org\/{rel}","templated":true}]}}