{"id":383,"date":"2011-11-17T12:28:57","date_gmt":"2011-11-17T11:28:57","guid":{"rendered":"http:\/\/blogs.ideal.es\/abocajarro\/?p=383"},"modified":"2011-11-17T12:28:57","modified_gmt":"2011-11-17T11:28:57","slug":"policias-y-subvenciones","status":"publish","type":"post","link":"https:\/\/blogs.ideal.es\/abocajarro\/2011\/11\/17\/policias-y-subvenciones\/","title":{"rendered":"Polic\u00edas y subvenciones"},"content":{"rendered":"<p>En la Polic\u00eda a\u00fan alucinan despu\u00e9s de que la semana pasada una empresa saliese el mismo d\u00eda en los peri\u00f3dicos por dos cosas: una en las p\u00e1ginas de sucesos, implicada en una <a href=\"http:\/\/www.ideal.es\/jaen\/20111104\/local\/jaen\/ocho-detenidos-jaen-comprar-201111041428.html\" rel=\"external nofollow\">trama de compra y venta de facturas falsas para defraudar a Haciencia con el IVA<\/a>. (Otro pelotazo de la UDEV contra la delincuencia de guante blanco, por cierto). Unas p\u00e1ginas m\u00e1s atr\u00e1s la misma empresa tambi\u00e9n\u00a0aparec\u00eda en\u00a0los papeles\u00a0como beneficiaria de una ayuda p\u00fablica millonaria, con pol\u00edticos haciendo declaraciones grandilocuentes. Con un par.<\/p>\n","protected":false},"excerpt":{"rendered":"<p>En la Polic\u00eda a\u00fan alucinan despu\u00e9s de que la semana pasada una empresa saliese el mismo d\u00eda en los peri\u00f3dicos por dos cosas: una en las p\u00e1ginas de sucesos, implicada en una trama de compra y venta de facturas falsas para defraudar a Haciencia con el IVA. (Otro pelotazo de la UDEV contra la delincuencia [&hellip;]<\/p>\n","protected":false},"author":6,"featured_media":0,"comment_status":"open","ping_status":"closed","sticky":false,"template":"","format":"standard","meta":[],"categories":[2],"tags":[],"_links":{"self":[{"href":"https:\/\/blogs.ideal.es\/abocajarro\/wp-json\/wp\/v2\/posts\/383"}],"collection":[{"href":"https:\/\/blogs.ideal.es\/abocajarro\/wp-json\/wp\/v2\/posts"}],"about":[{"href":"https:\/\/blogs.ideal.es\/abocajarro\/wp-json\/wp\/v2\/types\/post"}],"author":[{"embeddable":true,"href":"https:\/\/blogs.ideal.es\/abocajarro\/wp-json\/wp\/v2\/users\/6"}],"replies":[{"embeddable":true,"href":"https:\/\/blogs.ideal.es\/abocajarro\/wp-json\/wp\/v2\/comments?post=383"}],"version-history":[{"count":0,"href":"https:\/\/blogs.ideal.es\/abocajarro\/wp-json\/wp\/v2\/posts\/383\/revisions"}],"wp:attachment":[{"href":"https:\/\/blogs.ideal.es\/abocajarro\/wp-json\/wp\/v2\/media?parent=383"}],"wp:term":[{"taxonomy":"category","embeddable":true,"href":"https:\/\/blogs.ideal.es\/abocajarro\/wp-json\/wp\/v2\/categories?post=383"},{"taxonomy":"post_tag","embeddable":true,"href":"https:\/\/blogs.ideal.es\/abocajarro\/wp-json\/wp\/v2\/tags?post=383"}],"curies":[{"name":"wp","href":"https:\/\/api.w.org\/{rel}","templated":true}]}}