{"id":385,"date":"2011-11-16T14:11:14","date_gmt":"2011-11-16T13:11:14","guid":{"rendered":"http:\/\/blogs.ideal.es\/abocajarro\/?p=385"},"modified":"2011-11-16T14:11:14","modified_gmt":"2011-11-16T13:11:14","slug":"alaya-en-to-los-huevos","status":"publish","type":"post","link":"https:\/\/blogs.ideal.es\/abocajarro\/2011\/11\/16\/alaya-en-to-los-huevos\/","title":{"rendered":"Alaya: en to&#039; los huevos"},"content":{"rendered":"<p>El r\u00e9gimen construye hoy su teor\u00eda de la conspiraci\u00f3n: cada vez que se aproxima una cita electoral, la jueza Alaya le pega una patada al PSOE en la espinilla. O en los cojones, como esta semana, a cinco d\u00edas de las generales, con un auto en el que <a href=\"http:\/\/www.ideal.es\/jaen\/20111115\/mas-actualidad\/andalucia\/juez-alaya-pide-autorizaciones-201111151730.html\" rel=\"external nofollow\">resucita para Chaves el tema Matsa (que a nadie se le olvide que se enterr\u00f3 por cuestiones de forma, no de fondo) y que va directo a por Gri\u00f1\u00e1n<\/a>. Ah\u00ed es nada.<\/p>\n<p>Como casi siempre que hay novedades en el tema de los ERE, en el \u00faltimo auto de Alaya hay matices jienenses. Se cita a una asociaci\u00f3n de de ex santaneros (es de las pocas sociedades que no son de Andaluc\u00eda Occidental que salen a colaci\u00f3n, nada especial, una m\u00e1s entre tantas mencionadas) y a los consejeros Vallejo y \u00c1vila. Nada personal ni por lo que deban preocuparse porque est\u00e1n ah\u00ed por su condici\u00f3n de consejeros de Empleo-Innovaci\u00f3n y en el auto aparecen citados pr\u00e1cticamente todos, no porque se les presuponga alguna implicaci\u00f3n. Al menos de momento, porque con los vuelos que Alaya le est\u00e1 dando a la causa que instruye aqu\u00ed puede coger chispas hasta el Papa de Roma.<\/p>\n<p>El procedimiento est\u00e1 adquiriendo un volumen gigantesco. M\u00e1s por la parte sevillana, pero en Ja\u00e9n ya hay muchos implicados (ex sindicalistas y ex miembros del PSOE y allegados, fundamentalmente). Se puede volver imposible de manejar en t\u00e9rminos procesales. \u00bfA qui\u00e9n le importa \u00e9so hasta despu\u00e9s de marzo? A pocos d\u00edas de las generales, el r\u00e9gimen hace crecer\u00a0 el run-run, ya como \u00faltimo parapeto: hay una conspiraci\u00f3n y Alaya es la mano ejecutora. Lo dicen adem\u00e1s con los dientes apretados y la respiraci\u00f3n entrecortada. Como al que le han pegado una patada. En to&#8217; los huevos, adem\u00e1s.<\/p>\n","protected":false},"excerpt":{"rendered":"<p>El r\u00e9gimen construye hoy su teor\u00eda de la conspiraci\u00f3n: cada vez que se aproxima una cita electoral, la jueza Alaya le pega una patada al PSOE en la espinilla. O en los cojones, como esta semana, a cinco d\u00edas de las generales, con un auto en el que resucita para Chaves el tema Matsa (que [&hellip;]<\/p>\n","protected":false},"author":6,"featured_media":0,"comment_status":"open","ping_status":"closed","sticky":false,"template":"","format":"standard","meta":[],"categories":[2],"tags":[],"_links":{"self":[{"href":"https:\/\/blogs.ideal.es\/abocajarro\/wp-json\/wp\/v2\/posts\/385"}],"collection":[{"href":"https:\/\/blogs.ideal.es\/abocajarro\/wp-json\/wp\/v2\/posts"}],"about":[{"href":"https:\/\/blogs.ideal.es\/abocajarro\/wp-json\/wp\/v2\/types\/post"}],"author":[{"embeddable":true,"href":"https:\/\/blogs.ideal.es\/abocajarro\/wp-json\/wp\/v2\/users\/6"}],"replies":[{"embeddable":true,"href":"https:\/\/blogs.ideal.es\/abocajarro\/wp-json\/wp\/v2\/comments?post=385"}],"version-history":[{"count":0,"href":"https:\/\/blogs.ideal.es\/abocajarro\/wp-json\/wp\/v2\/posts\/385\/revisions"}],"wp:attachment":[{"href":"https:\/\/blogs.ideal.es\/abocajarro\/wp-json\/wp\/v2\/media?parent=385"}],"wp:term":[{"taxonomy":"category","embeddable":true,"href":"https:\/\/blogs.ideal.es\/abocajarro\/wp-json\/wp\/v2\/categories?post=385"},{"taxonomy":"post_tag","embeddable":true,"href":"https:\/\/blogs.ideal.es\/abocajarro\/wp-json\/wp\/v2\/tags?post=385"}],"curies":[{"name":"wp","href":"https:\/\/api.w.org\/{rel}","templated":true}]}}