{"id":392,"date":"2011-11-21T12:09:39","date_gmt":"2011-11-21T11:09:39","guid":{"rendered":"http:\/\/blogs.ideal.es\/abocajarro\/?p=392"},"modified":"2011-11-21T12:09:39","modified_gmt":"2011-11-21T11:09:39","slug":"resaca-2","status":"publish","type":"post","link":"https:\/\/blogs.ideal.es\/abocajarro\/2011\/11\/21\/resaca-2\/","title":{"rendered":"Resaca"},"content":{"rendered":"<p>Ma\u00f1ana de resaca electoral. Los del PP pasaron la noche bailando. Ah\u00ed os dejo el v\u00eddeo del comienzo de las festejos, cuando son\u00f3 en el Infanta Cristina el &#8216;Alfredo no te creo&#8217;<\/p>\n<p><object width=\"420\" height=\"315\" classid=\"clsid:d27cdb6e-ae6d-11cf-96b8-444553540000\" codebase=\"http:\/\/download.macromedia.com\/pub\/shockwave\/cabs\/flash\/swflash.cab#version=6,0,40,0\"><param name=\"allowFullScreen\" value=\"true\" \/><param name=\"allowscriptaccess\" value=\"always\" \/><param name=\"src\" value=\"http:\/\/www.youtube.com\/v\/PRjmQvHdevE?version=3&#038;hl=es_ES\" \/><param name=\"allowfullscreen\" value=\"true\" \/><embed width=\"420\" height=\"315\" type=\"application\/x-shockwave-flash\" src=\"\/\/www.youtube.com\/v\/PRjmQvHdevE?version=3&#038;hl=es_ES\" allowFullScreen=\"true\" allowscriptaccess=\"always\" allowfullscreen=\"true\" \/><\/object><\/p>\n<p>Despu\u00e9s se fueron a beberse la noche a la Kharma, antigua Bariloche. La fiesta del cambio, dijo la megafon\u00eda cuando invit\u00f3 a todos. Efectivamente. C\u00f3mo han cambiado las cosas para el PP de Ja\u00e9n, cuando ahora se van de fiesta todos juntos a la antigua Bariloche. Jos\u00e9 Enrique ha logrado construir un liderazgo s\u00f3lido. Lo suyo le ha costado. Sangre, sudor y l\u00e1grimas. El viento a favor ha hecho el resto. Anoche era, otra vez, su noche. M\u00e1s galones para \u00e9l por <a href=\"http:\/\/www.ideal.es\/jaen\/20111120\/elecciones\/20n-2011\/noticias\/gana-primera-jaen-201111202252.html\" rel=\"external nofollow\">pintar de azul Ja\u00e9n<\/a>. Se ha logrado adem\u00e1s el compromiso de Elvira Rodr\u00edguez con la provincia. No es poco, porque est\u00e1 llamada a estar entre los elegidos de Rajoy. Tanto Jos\u00e9 Enrique como Elvira quisieron centrar su discurso y la celebraci\u00f3n en la victoria del 20N en Ja\u00e9n. Pero la euforia ya es incontenible. La militancia explot\u00f3. <a href=\"http:\/\/www.ideal.es\/jaen\/v\/20111121\/jaen\/elecciones20n2011\/junta-ahora-junta-20111121.html\" rel=\"external nofollow\">&#8220;A por la Junta&#8221;, corearon<\/a>. Marzo ya est\u00e1 aqu\u00ed.<\/p>\n<p>La noche electoral del PSOE fue muy distinta. Reyes compareci\u00f3 respaldado por los candidatos para <a href=\"http:\/\/www.ideal.es\/jaen\/v\/20111121\/jaen\/elecciones20n2011\/reyes-gobierna-come-crisis-20111121.html\" rel=\"external nofollow\">dar cuenta de la derrota<\/a>. No fue mala foto, pues aunque las caras eran un poema, al menos se lanz\u00f3 el mensaje de unidad en torno\u00a0al secretario provincial. De que a\u00fan hay partido. Por m\u00e1s que el run-run que nadie confirma fuese que interventores y apoderados muy destacados en la capital abandonaron sus puestos a media ma\u00f1ana. &#8220;En una taberna estaban, en vez de en las mesas&#8221;, dec\u00eda un veterano militante. A perro flaco&#8230; Ahora el inter\u00e9s est\u00e1 en la autocr\u00edtica m\u00e1s all\u00e1 de culpar a la crisis como ya se hizo en mayo\u00a0(m\u00e1s de veinte puntos de diferencia en la capital, p\u00e9rdida de Linares, Baeza y otros pueblos se\u00f1eros) y en saber c\u00f3mo se preparan las auton\u00f3micas (con o sin congresos, con gestora en la capital&#8230;). Al menos les qued\u00f3 el buen sabor de boca de las tapas de mi amigo Loren, que imparte doctrina de buen comer en la calle Hurtado y que dio el \u00e1gape de la noche a los socialistas en el Abrehui. Contra el mal sue\u00f1o, colch\u00f3n de vino, que dicen los viejos. Aunque luego llegue la resaca.<\/p>\n","protected":false},"excerpt":{"rendered":"<p>Ma\u00f1ana de resaca electoral. Los del PP pasaron la noche bailando. Ah\u00ed os dejo el v\u00eddeo del comienzo de las festejos, cuando son\u00f3 en el Infanta Cristina el &#8216;Alfredo no te creo&#8217; Despu\u00e9s se fueron a beberse la noche a la Kharma, antigua Bariloche. La fiesta del cambio, dijo la megafon\u00eda cuando invit\u00f3 a todos. [&hellip;]<\/p>\n","protected":false},"author":6,"featured_media":0,"comment_status":"open","ping_status":"closed","sticky":false,"template":"","format":"standard","meta":[],"categories":[2],"tags":[],"_links":{"self":[{"href":"https:\/\/blogs.ideal.es\/abocajarro\/wp-json\/wp\/v2\/posts\/392"}],"collection":[{"href":"https:\/\/blogs.ideal.es\/abocajarro\/wp-json\/wp\/v2\/posts"}],"about":[{"href":"https:\/\/blogs.ideal.es\/abocajarro\/wp-json\/wp\/v2\/types\/post"}],"author":[{"embeddable":true,"href":"https:\/\/blogs.ideal.es\/abocajarro\/wp-json\/wp\/v2\/users\/6"}],"replies":[{"embeddable":true,"href":"https:\/\/blogs.ideal.es\/abocajarro\/wp-json\/wp\/v2\/comments?post=392"}],"version-history":[{"count":0,"href":"https:\/\/blogs.ideal.es\/abocajarro\/wp-json\/wp\/v2\/posts\/392\/revisions"}],"wp:attachment":[{"href":"https:\/\/blogs.ideal.es\/abocajarro\/wp-json\/wp\/v2\/media?parent=392"}],"wp:term":[{"taxonomy":"category","embeddable":true,"href":"https:\/\/blogs.ideal.es\/abocajarro\/wp-json\/wp\/v2\/categories?post=392"},{"taxonomy":"post_tag","embeddable":true,"href":"https:\/\/blogs.ideal.es\/abocajarro\/wp-json\/wp\/v2\/tags?post=392"}],"curies":[{"name":"wp","href":"https:\/\/api.w.org\/{rel}","templated":true}]}}