{"id":399,"date":"2011-11-30T12:13:54","date_gmt":"2011-11-30T11:13:54","guid":{"rendered":"http:\/\/blogs.ideal.es\/abocajarro\/?p=399"},"modified":"2011-11-30T12:13:54","modified_gmt":"2011-11-30T11:13:54","slug":"el-juego-de-la-silla","status":"publish","type":"post","link":"https:\/\/blogs.ideal.es\/abocajarro\/2011\/11\/30\/el-juego-de-la-silla\/","title":{"rendered":"El juego de la silla"},"content":{"rendered":"<p>Se par\u00f3 la m\u00fasica, todos corrieron a meter el culo en la silla. Y la Pe\u00f1alver se qued\u00f3 de pie. Sola en mitad de la sala, sin silla. Jug\u00f3 y perdi\u00f3.\u00a0 A la calle. Toca dimitir de todos los\u00a0cargos, y volver a su puesto de trabajo.\u00a0Ahora volver\u00e1 a sonar la m\u00fasica, y los que quedan volver\u00e1n a dar vueltas en torno a las sillas. Con una certeza: la pr\u00f3xima vez que se pare la m\u00fasica no habr\u00e1 sillas para todos los culos, y habr\u00e1 que echar a alguien m\u00e1s de la fiesta. As\u00ed de sencillo. En el PSOE sobran culos y faltan sillas.<\/p>\n<p style=\"text-align: right;\"><em>(Imagen de Gogo Lobato publicada en ABC)<\/em><a href=\"https:\/\/blogs.ideal.es\/abocajarro\/2011\/11\/30\/el-juego-de-la-silla\/zarrias-644x362\/\" rel=\"attachment wp-att-401\"><img loading=\"lazy\" class=\"aligncenter size-medium wp-image-401\" title=\"zarrias--644x362\" src=\"\/abocajarro\/wp-content\/uploads\/sites\/10\/2011\/11\/zarrias-644x362-300x168.jpg\" alt=\"\" width=\"300\" height=\"168\" \/><\/a><\/p>\n<p>Javi L\u00f3pez, en una informaci\u00f3n que firma ayer en el ABC, dice que a Pe\u00f1alver no se le par\u00f3 la m\u00fasica por casualidad. Se la pararon en seco: <a href=\"http:\/\/www.abcdesevilla.es\/20111129\/andalucia\/sevi-sacrifica-moreno-pacta-zarrias-201111290002.html\" rel=\"external nofollow\">Zarr\u00edas y Gri\u00f1\u00e1n pactaron el sacrificio de Mar Moreno <\/a>de cara a la pr\u00f3xima ejecutiva andaluza. Gaspar se asegura el apoyo de la federaci\u00f3n andaluza (con el 20% de los compromisarios nacionales) para seguir con cargo org\u00e1nico en la Federal de Madrid, y Gri\u00f1\u00e1n gana paz en Andaluc\u00eda hasta marzo, viene a decir el ABC. En ese contexto, Pe\u00f1alver era un pe\u00f3n prescindible, sin apoyos si Moreno est\u00e1 defenestrada. Y su pelea contra Paco Reyes en Ja\u00e9n estaba resultando ya molesta.\u00a0Ayer <a href=\"http:\/\/www.ideal.es\/jaen\/20111129\/local\/jaen\/reyes-asegura-penalver-tomado-201111291238.html\" rel=\"external nofollow\">Reyes afirm\u00f3 rotundo que es falso que exista ese pacto<\/a>. Sin embargo, hoy ABC insiste: ha habido una batalla, <a href=\"http:\/\/www.abcdesevilla.es\/20111130\/andalucia\/sevi-zarrias-derrota-numero-grinan-201111300023.html\" rel=\"external nofollow\">Zarr\u00edas ha ganado y Moreno ha perdido<\/a>. Hoy mismo <a href=\"http:\/\/www.ideal.es\/jaen\/20111130\/mas-actualidad\/andalucia\/grinan-dice-solo-tiene-201111301136.html\" rel=\"external nofollow\">Gri\u00f1\u00e1n pone pa\u00f1os calientes sobre las heridas de Moreno y Pe\u00f1alver<\/a>. Pero lo hecho, hecho est\u00e1. Nada personal, viene a decir.<\/p>\n<p>El efecto domin\u00f3 sigue ahora hacia abajo. La que hay liada en Ja\u00e9n. &#8220;Su renuncia (la de Pe\u00f1alver) no pone fin al conflicto&#8221;, escribe Jos\u00e9 M. Li\u00e9bana en su cr\u00f3nica de IDEAL de hoy, donde se apunta a una cascada de dimisiones en el grupo municipal.\u00a0La guerra jaenera\u00a0salpic\u00f3 ayer a otras provincias, pues pill\u00f3 chispas Mario Jim\u00e9nez, portavoz parlamentario y vinculado sentimentalmente a Ja\u00e9n, que terci\u00f3 a favor del aparato en esta guerra. &#8220;Que cesen las agresiones&#8221;, clamaron los que a\u00fan llevan la bandera de Pe\u00f1alver. El Pa\u00eds inform\u00f3 en su edici\u00f3n de ayer que <a href=\"http:\/\/www.elpais.com\/articulo\/andalucia\/Moreno\/frena\/dimision\/grupo\/municipal\/Jaen\/elpepuespand\/20111129elpand_5\/Tes\" rel=\"external nofollow\">Moreno fren\u00f3 un intento de dimisi\u00f3n en bloque de casi todo el grupo municipal socialista<\/a>.<\/p>\n<p>Como la risa va por barrios, en el PP est\u00e1n que se salen.\u00a0 All\u00ed para la m\u00fasica y sobran sillas para los culos que hay en danza, y pueden recostarse c\u00f3modamente. Garc\u00eda Anguita, en una entrevista que le hicimos entre Gin\u00e9s Donaire, Pedrot\u00e9 y yo en Onda Ja\u00e9n, dec\u00eda que iban a tener que tirar de banquillo para entrar en el selecto club de los &#8216;decincomilparriba&#8217;. Los pesos pesados ya est\u00e1n &#8216;colocados&#8217;. Y se espera que haya m\u00e1s para repartir. Qui\u00e9n se lo iba a decir, con las estrecheces que han pasado y el fr\u00edo que les hac\u00eda en otros\u00a0 tiempos. Ahora est\u00e1n encantados con el baile de la silla.<\/p>\n","protected":false},"excerpt":{"rendered":"<p>Se par\u00f3 la m\u00fasica, todos corrieron a meter el culo en la silla. Y la Pe\u00f1alver se qued\u00f3 de pie. Sola en mitad de la sala, sin silla. Jug\u00f3 y perdi\u00f3.\u00a0 A la calle. Toca dimitir de todos los\u00a0cargos, y volver a su puesto de trabajo.\u00a0Ahora volver\u00e1 a sonar la m\u00fasica, y los que quedan [&hellip;]<\/p>\n","protected":false},"author":6,"featured_media":0,"comment_status":"open","ping_status":"closed","sticky":false,"template":"","format":"standard","meta":[],"categories":[2],"tags":[],"_links":{"self":[{"href":"https:\/\/blogs.ideal.es\/abocajarro\/wp-json\/wp\/v2\/posts\/399"}],"collection":[{"href":"https:\/\/blogs.ideal.es\/abocajarro\/wp-json\/wp\/v2\/posts"}],"about":[{"href":"https:\/\/blogs.ideal.es\/abocajarro\/wp-json\/wp\/v2\/types\/post"}],"author":[{"embeddable":true,"href":"https:\/\/blogs.ideal.es\/abocajarro\/wp-json\/wp\/v2\/users\/6"}],"replies":[{"embeddable":true,"href":"https:\/\/blogs.ideal.es\/abocajarro\/wp-json\/wp\/v2\/comments?post=399"}],"version-history":[{"count":0,"href":"https:\/\/blogs.ideal.es\/abocajarro\/wp-json\/wp\/v2\/posts\/399\/revisions"}],"wp:attachment":[{"href":"https:\/\/blogs.ideal.es\/abocajarro\/wp-json\/wp\/v2\/media?parent=399"}],"wp:term":[{"taxonomy":"category","embeddable":true,"href":"https:\/\/blogs.ideal.es\/abocajarro\/wp-json\/wp\/v2\/categories?post=399"},{"taxonomy":"post_tag","embeddable":true,"href":"https:\/\/blogs.ideal.es\/abocajarro\/wp-json\/wp\/v2\/tags?post=399"}],"curies":[{"name":"wp","href":"https:\/\/api.w.org\/{rel}","templated":true}]}}