{"id":461,"date":"2012-02-24T12:46:49","date_gmt":"2012-02-24T11:46:49","guid":{"rendered":"http:\/\/blogs.ideal.es\/abocajarro\/?p=461"},"modified":"2012-02-24T12:46:49","modified_gmt":"2012-02-24T11:46:49","slug":"el-viejo-soldado","status":"publish","type":"post","link":"https:\/\/blogs.ideal.es\/abocajarro\/2012\/02\/24\/el-viejo-soldado\/","title":{"rendered":"El viejo soldado"},"content":{"rendered":"<p><object id=\"flashObj\" width=\"640\" height=\"360\" classid=\"clsid:d27cdb6e-ae6d-11cf-96b8-444553540000\" codebase=\"http:\/\/download.macromedia.com\/pub\/shockwave\/cabs\/flash\/swflash.cab#version=6,0,40,0\"><param name=\"flashVars\" value=\"web=externos&#038;videoId=1469224904001&#038;playerID=309010008001&#038;playerKey=AQ%2E%2E,AAAAFDJ-STk%2E,O_UTJPLxsFAhSEJk_8ykI5UN4pASTQM7&#038;domain=embed&#038;dynamicStreaming=true\" \/><param name=\"base\" value=\"http:\/\/admin.brightcove.com\" \/><param name=\"wmode\" value=\"transparent\" \/><param name=\"seamlesstabbing\" value=\"false\" \/><param name=\"allowFullScreen\" value=\"true\" \/><param name=\"swLiveConnect\" value=\"true\" \/><param name=\"allowScriptAccess\" value=\"always\" \/><param name=\"src\" value=\"http:\/\/c.brightcove.com\/services\/viewer\/federated_f9?isVid=1&#038;isUI=1\" \/><param name=\"flashvars\" value=\"web=externos&#038;videoId=1469224904001&#038;playerID=309010008001&#038;playerKey=AQ%2E%2E,AAAAFDJ-STk%2E,O_UTJPLxsFAhSEJk_8ykI5UN4pASTQM7&#038;domain=embed&#038;dynamicStreaming=true\" \/><param name=\"allowfullscreen\" value=\"true\" \/><param name=\"allowscriptaccess\" value=\"always\" \/><param name=\"swliveconnect\" value=\"true\" \/><param name=\"pluginspage\" value=\"http:\/\/www.macromedia.com\/shockwave\/download\/index.cgi?P1_Prod_Version=ShockwaveFlash\" \/><embed id=\"flashObj\" width=\"640\" height=\"360\" type=\"application\/x-shockwave-flash\" src=\"\/\/c.brightcove.com\/services\/viewer\/federated_f9?isVid=1&#038;isUI=1\" flashVars=\"web=externos&#038;videoId=1469224904001&#038;playerID=309010008001&#038;playerKey=AQ%2E%2E,AAAAFDJ-STk%2E,O_UTJPLxsFAhSEJk_8ykI5UN4pASTQM7&#038;domain=embed&#038;dynamicStreaming=true\" base=\"http:\/\/admin.brightcove.com\" wmode=\"transparent\" seamlesstabbing=\"false\" allowFullScreen=\"true\" swLiveConnect=\"true\" allowScriptAccess=\"always\" flashvars=\"web=externos&#038;videoId=1469224904001&#038;playerID=309010008001&#038;playerKey=AQ%2E%2E,AAAAFDJ-STk%2E,O_UTJPLxsFAhSEJk_8ykI5UN4pASTQM7&#038;domain=embed&#038;dynamicStreaming=true\" allowfullscreen=\"true\" allowscriptaccess=\"always\" swliveconnect=\"true\" pluginspage=\"http:\/\/www.macromedia.com\/shockwave\/download\/index.cgi?P1_Prod_Version=ShockwaveFlash\" \/><\/object><\/p>\n<p>Andan estos d\u00edas lav\u00e1ndole la cara al monumento de Las Batallas. No es que vayan a a\u00f1adir figuras de &#8216;hermanos de la otra orilla&#8217; (como se dice ahora), o hasta al mism\u00edsimo Miramol\u00edn y un par de miembros de su guardia negra -(perd\u00f3n, de color) los temidos imesebelen que se ataban con cadenas al suelo que defend\u00edan para no poder huir y tener que pelear hasta la muerte- comi\u00e9ndoles la boca a Sancho &#8216;El Fuerte&#8217; o el de las Navas y sus guerreros,o varios gabachos pas\u00e1ndole la mano por el hombro a Casta\u00f1os o a Reding, en plan camaradas. Ser\u00eda lo que piden los tiempos de lo pol\u00edticamente correcto (no consta que la ONU autorizase ninguna de las dos batallas en nombre de la paz), pero todav\u00eda no hemos llegado a tanto. Lo que est\u00e1n haciendo en el monumento de las Batallas, en lo que se ha bautizado como la plaza de la Concordia, es limpiar el bronce. Quitarle la ro\u00f1a y la mugre a los guerreros que lucharon en suelo jienense. Tierra no s\u00f3lo de muchas batallas, sino de notables soldados, cuya sola menci\u00f3n en un colegio causar\u00eda hoy pavor a los responsables educativos y provocar\u00eda desmayos a los redactores de manuales de Educaci\u00f3n para la Ciudadan\u00eda. Juan Pel\u00e1ez de Berrio fue uno de ellos.<br \/>\nHijo de hidalgos castellanos asentados en Ja\u00e9n cuando Ja\u00e9n era tierra de frontera, Juan Pel\u00e1ez de Berrio se enrol\u00f3 en los tercios del Gran Capit\u00e1n en las guerras de Italia. Las cr\u00f3nicas de la \u00e9poca lo citan en varias ocasiones, seg\u00fan recogen las investigaciones de Enrique Toral Pe\u00f1a\u00f1aranda. Hasta el rey Fernando el Cat\u00f3lico, en un despacho, alaba sus gestas en cercos de ciudades &#8220;donde se honraba la secta mahometana&#8221;, y por haberle echado mano a un duque franc\u00e9s en plena batalla, al que hizo prisionero. Por aquella haza\u00f1a,en 1507, \u00e9l cobr\u00f3 fama al precio de perder media mano, aunque la fortuna que se pag\u00f3 por rescatar al duque fue a las arcas del Gran Capit\u00e1n para financiar su guerra. El sino del h\u00e9roe espa\u00f1ol.<br \/>\nLas cr\u00f3nicas a\u00fan citan a Juan Pel\u00e1ez de Berrio con motivo de otra gesta: la toma del castillo nuevo de N\u00e1poles. Dentro se atrincheraron los franceses. El jienense fue el primero en entrar &#8220;y se asi\u00f3 de una almena trepando y estando en lo alto dio voces diciendo \u00a1Victoria por Espa\u00f1a!&#8221;<br \/>\nLa versi\u00f3n m\u00e1s cre\u00edble de esta historia (hay varias) es que Pel\u00e1ez de Berrio entr\u00f3 con otros hombres, en un golpe de mano para forzar la entrada al castillo. La sorpresa les fall\u00f3, y se les vino encima tropel de franchutes. Nada de gui\u00f1oles y chistes de dopaje. Arcabuzazos, lanzadas y mandobles de espadas contra ellos, que tampoco eran mancos. &#8220;Comenzaron en medio de patio a gritar \u00a1Espa\u00f1a, Espa\u00f1a! y a pelear con grande \u00e1nimo con todos los franceses (&#8230;) M\u00e1s como cargaron sobre ellos doscientos hombres de armas de los mejores de todo su campo y con muchos g\u00e9neros de armas, y nunca pudieron ser socorridos murieron tres. El otro, vistos muertos a sus compa\u00f1eros, pele\u00f3 tan valerosamente por vengar la muerte dellos que los franceses le dejaban el lugar, y le abrieron camino por donde sali\u00f3 con seis heridas muy grandes, y los franceses quedaron los m\u00e1s contentos del mundo de verlo fuera del castillo. \u00c9ste era paje del Gran Capit\u00e1n y se llamaba Juan Pel\u00e1ez de Berrio&#8221;.<br \/>\nCurtido en mil batallas, regres\u00f3 a Ja\u00e9n. Le ech\u00f3 el ojo a una prima suya, Isabel Coello, buena moza casedera. Pero no era un matrimonio deseado por la familia de ella. A otro le fueran con esas, que no a uno que no se arrug\u00f3 ni ante un duque gabacho ni ante doscientos enemigos en Castil Novo. Juan Pel\u00e1ez dio un buen esc\u00e1ndalo cuando se la llev\u00f3 por las bravas. De aquel matrimonio hubo al menos tres hijos.<br \/>\nEn 1522 los restos de Gonzalo Fern\u00e1ndez de C\u00f3rdoba, el Gran Capit\u00e1n, fueron trasladados al monasterio de San Jer\u00f3nimo de Granada. Delante del f\u00e9retro, marchaba un anciano, renqueante de antiguas heridas de guerra pero con paso orgulloso. En su mano, mutilada en batalla, llevaba el estoque del Gran Capit\u00e1n, con empu\u00f1adura de oro y vaina de plata. Las cr\u00f3nicas hablan de \u00e9l como &#8220;un venerable caballero de Ja\u00e9n, llamado Juan Pel\u00e1ez de Berrio, valeroso soldado que hab\u00eda sido en las guerras de N\u00e1poles y el primero que logr\u00f3 entrar en Castilnovo&#8221;. Una historia que desempolvo con motivo del desempolve y limpieza del monumento Momumento a las Batallas de Ja\u00e9n, que cumplir\u00e1 en octubre cien a\u00f1os. Y que homenajea no s\u00f3lo a los h\u00e9roes de Bail\u00e9n y Despe\u00f1aperros, sino tambi\u00e9n a hombres como Juan Pel\u00e1ez de Berrio.<\/p>\n<p>(El que quiera saber m\u00e1s sobre esta historia puede leerla en Ja\u00e9n y el Condestable Miguel Lucas, de Toral Pe\u00f1aranda).<\/p>\n","protected":false},"excerpt":{"rendered":"<p>Andan estos d\u00edas lav\u00e1ndole la cara al monumento de Las Batallas. No es que vayan a a\u00f1adir figuras de &#8216;hermanos de la otra orilla&#8217; (como se dice ahora), o hasta al mism\u00edsimo Miramol\u00edn y un par de miembros de su guardia negra -(perd\u00f3n, de color) los temidos imesebelen que se ataban con cadenas al suelo [&hellip;]<\/p>\n","protected":false},"author":6,"featured_media":0,"comment_status":"open","ping_status":"closed","sticky":false,"template":"","format":"standard","meta":[],"categories":[2],"tags":[82,83,89,92],"_links":{"self":[{"href":"https:\/\/blogs.ideal.es\/abocajarro\/wp-json\/wp\/v2\/posts\/461"}],"collection":[{"href":"https:\/\/blogs.ideal.es\/abocajarro\/wp-json\/wp\/v2\/posts"}],"about":[{"href":"https:\/\/blogs.ideal.es\/abocajarro\/wp-json\/wp\/v2\/types\/post"}],"author":[{"embeddable":true,"href":"https:\/\/blogs.ideal.es\/abocajarro\/wp-json\/wp\/v2\/users\/6"}],"replies":[{"embeddable":true,"href":"https:\/\/blogs.ideal.es\/abocajarro\/wp-json\/wp\/v2\/comments?post=461"}],"version-history":[{"count":0,"href":"https:\/\/blogs.ideal.es\/abocajarro\/wp-json\/wp\/v2\/posts\/461\/revisions"}],"wp:attachment":[{"href":"https:\/\/blogs.ideal.es\/abocajarro\/wp-json\/wp\/v2\/media?parent=461"}],"wp:term":[{"taxonomy":"category","embeddable":true,"href":"https:\/\/blogs.ideal.es\/abocajarro\/wp-json\/wp\/v2\/categories?post=461"},{"taxonomy":"post_tag","embeddable":true,"href":"https:\/\/blogs.ideal.es\/abocajarro\/wp-json\/wp\/v2\/tags?post=461"}],"curies":[{"name":"wp","href":"https:\/\/api.w.org\/{rel}","templated":true}]}}