{"id":465,"date":"2012-02-25T16:32:40","date_gmt":"2012-02-25T15:32:40","guid":{"rendered":"http:\/\/blogs.ideal.es\/abocajarro\/?p=465"},"modified":"2012-02-25T16:32:40","modified_gmt":"2012-02-25T15:32:40","slug":"volver-2","status":"publish","type":"post","link":"https:\/\/blogs.ideal.es\/abocajarro\/2012\/02\/25\/volver-2\/","title":{"rendered":"Volver"},"content":{"rendered":"<pre>El telef\u00e9rico se elevaba sobre las tumbas del cementerio de Eyup hacia el caf\u00e9 de\nPierre Loti, donde Estambul regala al viajero uno de los atardeceres m\u00e1s bellos del\nmundo, cuando Yusuf habl\u00f3 de que ten\u00eda intenci\u00f3n de \u201cvolver\u201d a Espa\u00f1a. Fue hace ya\nvarios a\u00f1os, pero recuerdo que us\u00f3 esa palabra. \u201cVolver\u201d. Curioso, porque poco antes\nme hab\u00eda dicho que no hab\u00eda estado nunca en Espa\u00f1a.\nYussuf se gana la vida como gu\u00eda tur\u00edstico en Estambul. Hace cinco siglos, sus\nantepasados viv\u00edan en Espa\u00f1a. En Andaluc\u00eda. Creo que dijo en M\u00e1laga. Pero\nascendiendo por su \u00e1rbol geneal\u00f3gico, hab\u00eda alg\u00fan Ben Saprut (posible familiar del\nPr\u00edncipe de los Jud\u00edos, personaje central de Al Andalus en el califato, y que lleg\u00f3\na cartearse con Elena, emperatriz de Bizancio, en negocios de Estado). Ben Saprut es\napellido de jud\u00edo de Ja\u00e9n, de Yayan. La familia de Yussuf a\u00fan guarda la llave de la\ncasa de donde los expulsaron hace cinco siglos.\nEn Ja\u00e9n hubo durante la Edad Media una de las juder\u00edas m\u00e1s importantes de Espa\u00f1a.\nManuel Jes\u00fas Torres Soria y Rafael C\u00e1mara hablaron de ella en una conferencia\npronunciada hace unos d\u00edas en el Colegio de Gestores Administrativos. Una juder\u00eda\ncuya presencia late a\u00fan en el trazado de las calles del casco antiguo. Y de la que\nes f\u00e1cil encontrar restos tangibles. Como la casa del siglo XV donde hallaron un\npuntero que se usaba para leer los rollos de la Tor\u00e1 (acabado en una mano con un\ndedo extendido, un precursor del moderno \u2018rat\u00f3n\u2019), la calle Elv\u00edn (el nombre es el\nde una familia de conversos a los que la Inquisici\u00f3n cogi\u00f3 en un renuncio), la\ncerteza de que en el patio de Santa Clara hubo una sinagoga, la sospecha de que en\nla iglesia de San Andr\u00e9s hubo otra, los eternamente abandonados ba\u00f1os del Naranjo\n(en la calle Los Ca\u00f1os, una de las entradas a la Juder\u00eda), amuletos cabal\u00edsticos\nencontrados en excavaciones \u2026 Elementos que a juicio de C\u00e1mara y Torres Soria\npodr\u00edan ser un motor de inter\u00e9s tur\u00edstico para Ja\u00e9n.\nLa juder\u00eda como atractivo tur\u00edstico funciona. Pude verlo hace unos a\u00f1os en Gerona.\nEl Call le llaman all\u00ed, en una ciudad que tiene Montjuic (monte de los jud\u00edos).\nEntre los grupitos de turistas que recorren la ciudad, o que cruzan el puente de\nBesal\u00fa para pasear por sus callejas (hoy mundialmente famosas por la novela El\npuente de los jud\u00edos) se ven muchos kip\u00e1, los t\u00edpicos gorros en el cogote.\nEn la charla de C\u00e1mara y Torres Soria se mostraban im\u00e1genes de l\u00e1pidas del\ncementerio de la isla de Rodas, en el Egeo. Tumbas de hace pocos a\u00f1os, en los que se\nhab\u00eda hecho grabar junto al nombre del difundo las palabras \u2018de J\u00e1en\u2019 en sefard\u00ed, el\ncastellano antiguo que se hablaba cuando la expulsi\u00f3n. Personas que como el Yussef\nque pude conocer en Estambul, cinco siglos despu\u00e9s quer\u00edan \u201cvolver\u201d a casa.<\/pre>\n","protected":false},"excerpt":{"rendered":"<p>El telef\u00e9rico se elevaba sobre las tumbas del cementerio de Eyup hacia el caf\u00e9 de Pierre Loti, donde Estambul regala al viajero uno de los atardeceres m\u00e1s bellos del mundo, cuando Yusuf habl\u00f3 de que ten\u00eda intenci\u00f3n de \u201cvolver\u201d a Espa\u00f1a. Fue hace ya varios a\u00f1os, pero recuerdo que us\u00f3 esa palabra. \u201cVolver\u201d. Curioso, porque [&hellip;]<\/p>\n","protected":false},"author":6,"featured_media":0,"comment_status":"open","ping_status":"closed","sticky":false,"template":"","format":"standard","meta":[],"categories":[2],"tags":[],"_links":{"self":[{"href":"https:\/\/blogs.ideal.es\/abocajarro\/wp-json\/wp\/v2\/posts\/465"}],"collection":[{"href":"https:\/\/blogs.ideal.es\/abocajarro\/wp-json\/wp\/v2\/posts"}],"about":[{"href":"https:\/\/blogs.ideal.es\/abocajarro\/wp-json\/wp\/v2\/types\/post"}],"author":[{"embeddable":true,"href":"https:\/\/blogs.ideal.es\/abocajarro\/wp-json\/wp\/v2\/users\/6"}],"replies":[{"embeddable":true,"href":"https:\/\/blogs.ideal.es\/abocajarro\/wp-json\/wp\/v2\/comments?post=465"}],"version-history":[{"count":0,"href":"https:\/\/blogs.ideal.es\/abocajarro\/wp-json\/wp\/v2\/posts\/465\/revisions"}],"wp:attachment":[{"href":"https:\/\/blogs.ideal.es\/abocajarro\/wp-json\/wp\/v2\/media?parent=465"}],"wp:term":[{"taxonomy":"category","embeddable":true,"href":"https:\/\/blogs.ideal.es\/abocajarro\/wp-json\/wp\/v2\/categories?post=465"},{"taxonomy":"post_tag","embeddable":true,"href":"https:\/\/blogs.ideal.es\/abocajarro\/wp-json\/wp\/v2\/tags?post=465"}],"curies":[{"name":"wp","href":"https:\/\/api.w.org\/{rel}","templated":true}]}}