{"id":473,"date":"2012-03-11T18:11:13","date_gmt":"2012-03-11T17:11:13","guid":{"rendered":"http:\/\/blogs.ideal.es\/abocajarro\/?p=473"},"modified":"2012-03-11T18:11:13","modified_gmt":"2012-03-11T17:11:13","slug":"yo-digo-que-6-000","status":"publish","type":"post","link":"https:\/\/blogs.ideal.es\/abocajarro\/2012\/03\/11\/yo-digo-que-6-000\/","title":{"rendered":"Yo digo que 6.000"},"content":{"rendered":"<p><a href=\"https:\/\/blogs.ideal.es\/abocajarro\/2012\/03\/11\/yo-digo-que-6-000\/img00477-20120311-1225\/\" rel=\"attachment wp-att-480\"><img loading=\"lazy\" class=\"aligncenter size-medium wp-image-480\" title=\"IMG00477-20120311-1225\" src=\"\/abocajarro\/wp-content\/uploads\/sites\/10\/2012\/03\/IMG00477-20120311-1225-300x225.jpg\" alt=\"\" width=\"300\" height=\"225\" srcset=\"https:\/\/static-blogs.ideal.es\/wp-content\/uploads\/sites\/10\/2012\/03\/IMG00477-20120311-1225-300x225.jpg 300w, https:\/\/static-blogs.ideal.es\/wp-content\/uploads\/sites\/10\/2012\/03\/IMG00477-20120311-1225-768x576.jpg 768w, https:\/\/static-blogs.ideal.es\/wp-content\/uploads\/sites\/10\/2012\/03\/IMG00477-20120311-1225.jpg 1024w\" sizes=\"(max-width: 300px) 100vw, 300px\" \/><\/a><\/p>\n<p>Me preguntan en Twitter y en vivo y en directo que cu\u00e1ntas personas hab\u00eda en la manifestaci\u00f3n contra la reforma laboral. Los sindicatos dicen que unos 12.000. La Polic\u00eda Nacional estima que 5.000. Mucho trecho entre las cuentas de unos y otros. \u00bfY yo que digo? Pues que no los he contado. Pero con los elementos de juicio que tengo a mi alcance hago un mocho, me parece a mi que tan cient\u00edfico como el de sindicatos o polic\u00edas: cuando la cabecera de la marcha iba a llegar al esquina de la Carrera con la Plaza de la Constituci\u00f3n, un sindicalista (peto rojo de la organizaci\u00f3n) me asegur\u00f3 que hab\u00eda contado 300 filas de manifestantes. Yo no s\u00e9 si son muchas o pocas. Son las que \u00e9l me dijo. El caso es que en la primera fila, la que sujetaba la pancarta, hab\u00eda unas entre 17 y 20 personas, seg\u00fan los momentos en los que cont\u00e9. No todas las filas estaban tan apretadas. Pero tambi\u00e9n es cierto que hab\u00eda gente sum\u00e1ndose a la marcha hasta que la cabecera ya iba por la Avenida de Madrid. Lo uno por o otro. As\u00ed que yo digo que 6.000 personas. La tradici\u00f3n cuenta adem\u00e1s que ese es el aforo de la Carrera. Y la Carrera estaba llena hasta arriba. Y son muchas para una manifestaci\u00f3n en Ja\u00e9n.<\/p>\n<p>\u00bfC\u00f3mo cuenta la Pol\u00edc\u00eda? Un agente me explic\u00f3 ayer que se hace estimaci\u00f3n en funci\u00f3n de la superficie que ocupa la marcha, la densidad que se aprecia en distintos tramos, y con la referencia de lo que se ha calculado en otros eventos. La Polic\u00eda, me insisten, hace el c\u00e1lculo por cuestiones de orden p\u00fablico, sin ning\u00fan otro inter\u00e9s. \u00bfC\u00f3mo cuentan los sindicatos? Por filas, adjudicando a las filas un n\u00famero de ocupantes en funci\u00f3n de la densidad.<\/p>\n<p>Habr\u00eda que descontar adem\u00e1s entre los manifestantes a al menos un par de agentes de Polic\u00eda de paisano que iban con c\u00e1maras de v\u00eddeo. &#8220;Al de los petardos, buscan al de los petardos&#8221;, bromeaba un sindicalista.<\/p>\n","protected":false},"excerpt":{"rendered":"<p>Me preguntan en Twitter y en vivo y en directo que cu\u00e1ntas personas hab\u00eda en la manifestaci\u00f3n contra la reforma laboral. Los sindicatos dicen que unos 12.000. La Polic\u00eda Nacional estima que 5.000. Mucho trecho entre las cuentas de unos y otros. \u00bfY yo que digo? Pues que no los he contado. Pero con los [&hellip;]<\/p>\n","protected":false},"author":6,"featured_media":0,"comment_status":"open","ping_status":"closed","sticky":false,"template":"","format":"standard","meta":[],"categories":[2],"tags":[],"_links":{"self":[{"href":"https:\/\/blogs.ideal.es\/abocajarro\/wp-json\/wp\/v2\/posts\/473"}],"collection":[{"href":"https:\/\/blogs.ideal.es\/abocajarro\/wp-json\/wp\/v2\/posts"}],"about":[{"href":"https:\/\/blogs.ideal.es\/abocajarro\/wp-json\/wp\/v2\/types\/post"}],"author":[{"embeddable":true,"href":"https:\/\/blogs.ideal.es\/abocajarro\/wp-json\/wp\/v2\/users\/6"}],"replies":[{"embeddable":true,"href":"https:\/\/blogs.ideal.es\/abocajarro\/wp-json\/wp\/v2\/comments?post=473"}],"version-history":[{"count":0,"href":"https:\/\/blogs.ideal.es\/abocajarro\/wp-json\/wp\/v2\/posts\/473\/revisions"}],"wp:attachment":[{"href":"https:\/\/blogs.ideal.es\/abocajarro\/wp-json\/wp\/v2\/media?parent=473"}],"wp:term":[{"taxonomy":"category","embeddable":true,"href":"https:\/\/blogs.ideal.es\/abocajarro\/wp-json\/wp\/v2\/categories?post=473"},{"taxonomy":"post_tag","embeddable":true,"href":"https:\/\/blogs.ideal.es\/abocajarro\/wp-json\/wp\/v2\/tags?post=473"}],"curies":[{"name":"wp","href":"https:\/\/api.w.org\/{rel}","templated":true}]}}