{"id":51,"date":"2010-01-10T00:30:00","date_gmt":"2010-01-10T00:30:00","guid":{"rendered":"http:\/\/blogs.ideal.es\/abocajarro\/?p=51"},"modified":"2010-01-10T00:30:00","modified_gmt":"2010-01-10T00:30:00","slug":"alberto-y-antonio","status":"publish","type":"post","link":"https:\/\/blogs.ideal.es\/abocajarro\/2010\/01\/10\/alberto-y-antonio\/","title":{"rendered":"Alberto y Antonio"},"content":{"rendered":"<p><A id=link_0 title=http:\/\/www.ideal.es\/jaen\/20091202\/jaen\/nadie-encuentra-magalhaes-20091202.html href=\"http:\/\/www.ideal.es\/jaen\/20091202\/jaen\/nadie-encuentra-magalhaes-20091202.html\">Alberto Magalhaes anda por ah\u00ed fugado<\/A>. Hace ya a\u00f1o y medio que lo est\u00e1n buscando. Apenas tiene 24 a\u00f1os y desde que cumpli\u00f3 los 18 hasta los 22 acumul\u00f3 24 detenciones. Ha tocado todos los palos de la delincuencia desde que el 1 de noviembre de 2000 estuviese implicado en la muerte de Jaime Ord\u00f3\u00f1ez, al que, entre cuatro, cosieron a pu\u00f1aladas. Alberto era el m\u00e1s peque\u00f1o de la cuadrilla. Ten\u00eda 14 a\u00f1os. Esa noche, seg\u00fan dijeron los testigos en el juicio, llevaba una navaja. Sus compinches la vieron cuando, poco antes del crimen, la us\u00f3 para abrir una bolsita con coca\u00edna. Antes de matar, se metieron unas rayas.<\/p>\n<p>Antonio Garc\u00eda Requena iba con Alberto la noche que mataron a Jaime Ord\u00f3\u00f1ez. Era ya mayor de edad. Nada de Justicia para menores. Le echaron veinte a\u00f1os. Asesinato, seg\u00fan dijo el tribunal del jurado. Ya ha cumplido nueve a\u00f1os. A\u00fan le quedan once por delante. A los 29 ha empezado a estudiar derecho. Con buenas notas. Se ha hecho respetar por los presos y por los funcionarios: es el presidente de la asamblea de internos del m\u00f3dulo 7 de la prisi\u00f3n provincial de Ja\u00e9n, un m\u00f3dulo de respeto. Se est\u00e1 &#8216;especializando&#8217; en derecho penitenciario. Buena parte de los recursos que le presentan los internos de su m\u00f3dulo al juez de vigilancia penitenciaria los hace Antonio. Hace a\u00f1os que no se droga.<\/p>\n<p>Lo de Alberto es una verg\u00fcenza para la Justicia. Tras la muerte de Jaime Ord\u00f3\u00f1ez fue condenado a dos a\u00f1os en centros de menores, que cumpli\u00f3 en Sevilla. Luego qued\u00f3 libre. Apenas cumpli\u00f3 los 18 inici\u00f3 una vertiginosa carrera delictiva hasta su arresto 24, en marzo de 2008, cuando fue arrestado y puesto en libertad una vez m\u00e1s. Ah\u00ed se pierde su pista. A\u00fan debe estar descojon\u00e1ndose. Desde entonces dos jueces se han quedado ya esper\u00e1ndolo para juzgarlo. Y los que vengan. No se espera que se presente voluntario a que lo enchironen. Mientras, Antonio paga lo suyo. D\u00eda a d\u00eda. A\u00f1o a a\u00f1o. Entre rejas. Son la cara y la cruz de la Justicia. La demostraci\u00f3n de que la Justicia no funciona algunas veces y, al mismo tiempo, la prueba de que s\u00ed funciona. Por lo menos algunas veces.<\/p>\n<p>Quiero pensar que los familiares de Jaime Ord\u00f3\u00f1ez, si saben de la trayectoria de Antonio, se sentir\u00e1n reconfortados de que las penas se cumplen y los delincuentes pagan con su libertad, al tiempo que se les da la oportunidad de ser hombres nuevos. Pobre consuelo, cierto. Pero algo es algo. Porque cuando conozcan las andanzas de Alberto sentir\u00e1n una brasa en las entra\u00f1as.<\/p>\n","protected":false},"excerpt":{"rendered":"<p>Alberto Magalhaes anda por ah\u00ed fugado. Hace ya a\u00f1o y medio que lo est\u00e1n buscando. Apenas tiene 24 a\u00f1os y desde que cumpli\u00f3 los 18 hasta los 22 acumul\u00f3 24 detenciones. Ha tocado todos los palos de la delincuencia desde que el 1 de noviembre de 2000 estuviese implicado en la muerte de Jaime Ord\u00f3\u00f1ez, [&hellip;]<\/p>\n","protected":false},"author":6,"featured_media":0,"comment_status":"open","ping_status":"closed","sticky":false,"template":"","format":"standard","meta":[],"categories":[2],"tags":[],"_links":{"self":[{"href":"https:\/\/blogs.ideal.es\/abocajarro\/wp-json\/wp\/v2\/posts\/51"}],"collection":[{"href":"https:\/\/blogs.ideal.es\/abocajarro\/wp-json\/wp\/v2\/posts"}],"about":[{"href":"https:\/\/blogs.ideal.es\/abocajarro\/wp-json\/wp\/v2\/types\/post"}],"author":[{"embeddable":true,"href":"https:\/\/blogs.ideal.es\/abocajarro\/wp-json\/wp\/v2\/users\/6"}],"replies":[{"embeddable":true,"href":"https:\/\/blogs.ideal.es\/abocajarro\/wp-json\/wp\/v2\/comments?post=51"}],"version-history":[{"count":0,"href":"https:\/\/blogs.ideal.es\/abocajarro\/wp-json\/wp\/v2\/posts\/51\/revisions"}],"wp:attachment":[{"href":"https:\/\/blogs.ideal.es\/abocajarro\/wp-json\/wp\/v2\/media?parent=51"}],"wp:term":[{"taxonomy":"category","embeddable":true,"href":"https:\/\/blogs.ideal.es\/abocajarro\/wp-json\/wp\/v2\/categories?post=51"},{"taxonomy":"post_tag","embeddable":true,"href":"https:\/\/blogs.ideal.es\/abocajarro\/wp-json\/wp\/v2\/tags?post=51"}],"curies":[{"name":"wp","href":"https:\/\/api.w.org\/{rel}","templated":true}]}}