{"id":52,"date":"2009-12-14T12:00:00","date_gmt":"2009-12-14T12:00:00","guid":{"rendered":"http:\/\/blogs.ideal.es\/abocajarro\/?p=52"},"modified":"2009-12-14T12:00:00","modified_gmt":"2009-12-14T12:00:00","slug":"montes-neiro-vuelve-casa","status":"publish","type":"post","link":"https:\/\/blogs.ideal.es\/abocajarro\/2009\/12\/14\/montes-neiro-vuelve-casa\/","title":{"rendered":"Montes Neiro vuelve a casa"},"content":{"rendered":"<p>Fue su hermana Encarna la que me habl\u00f3 de Miguel Francisco Montes Neiro. Encarna no ha estado en la c\u00e1rcel m\u00e1s que para las visitas, pero ser la hermana del preso m\u00e1s veterano de Espa\u00f1a le da cierta autoridad. Fue hace unos meses, entre mayo y junio, cuando Montes Neiro cumpl\u00eda condena <A id=link_0 title=http:\/\/www.ideal.es\/jaen\/20090625\/jaen\/preso-antiguo-espana-come-20090625.html href=\"http:\/\/www.ideal.es\/jaen\/20090625\/jaen\/preso-antiguo-espana-come-20090625.html\">en Ja\u00e9n, y se puso en huelga de hambre<\/A>. Lleva en la c\u00e1rcel m\u00e1s de 30 a\u00f1os (desde el 76 casi ininterrumpidamente) aunque nunca ha matado a nadie. Eso s\u00ed, de peque\u00f1os delitos, fugas y permisos incumplidos sabe un poco. De salud est\u00e1 algo m\u00e1s que echo polvo, y el hombre quer\u00eda que lo llevasen al hospital. As\u00ed que se puso de huelga de hambre. Una m\u00e1s.<\/p>\n<p>Poco despu\u00e9s de aquello me contaron que lo hab\u00edan trasladado a Granada, de d\u00f3nde es su familia. Y al tiempo, un funcionario -que me hab\u00eda advertido sobre el papel de v\u00edctima que hab\u00eda adoptado Montes Neiro durante su huelga de hambre- me inform\u00f3 que se hab\u00eda fugado: el 16 de noviembre pasado aprovech\u00f3 que le permitieron ir al funeral de su madre. Se tir\u00f3 por la ventana del cuarto de ba\u00f1o y, con sus achaques y sus 60 a\u00f1os, huy\u00f3 por pies.<\/p>\n<p>El viernes de la semana pasada <A id=link_0 title=http:\/\/www.ideal.es\/granada\/20091214\/granada\/policia-pone-fuga-preso-20091214.html href=\"http:\/\/www.ideal.es\/granada\/20091214\/granada\/policia-pone-fuga-preso-20091214.html\">lo cogieron<\/A>. En la provincia de Granada. A mediod\u00eda. Su familia ha explicado que una pareja de polic\u00edas paseaba como si fueran novios. Y que cuando llegaron a la altura de Miguel Francisco se le echaron encima y lo arrestaron. Encarnaci\u00f3n a\u00f1ade que le dieron la del pulpo. Lo cierto es que el preso m\u00e1s antiguo de Espa\u00f1a vuelve &#8216;a casa&#8217;. A una c\u00e1rcel. A las condenas que ya acumula suma otra m\u00e1s: la de su fuga. Aunque la aut\u00e9ntica pena que est\u00e1 cumpliendo es que pr\u00e1cticamente nunca ha sido un hombre libre.<\/p>\n","protected":false},"excerpt":{"rendered":"<p>Fue su hermana Encarna la que me habl\u00f3 de Miguel Francisco Montes Neiro. Encarna no ha estado en la c\u00e1rcel m\u00e1s que para las visitas, pero ser la hermana del preso m\u00e1s veterano de Espa\u00f1a le da cierta autoridad. Fue hace unos meses, entre mayo y junio, cuando Montes Neiro cumpl\u00eda condena en Ja\u00e9n, y [&hellip;]<\/p>\n","protected":false},"author":6,"featured_media":0,"comment_status":"open","ping_status":"closed","sticky":false,"template":"","format":"standard","meta":[],"categories":[2],"tags":[],"_links":{"self":[{"href":"https:\/\/blogs.ideal.es\/abocajarro\/wp-json\/wp\/v2\/posts\/52"}],"collection":[{"href":"https:\/\/blogs.ideal.es\/abocajarro\/wp-json\/wp\/v2\/posts"}],"about":[{"href":"https:\/\/blogs.ideal.es\/abocajarro\/wp-json\/wp\/v2\/types\/post"}],"author":[{"embeddable":true,"href":"https:\/\/blogs.ideal.es\/abocajarro\/wp-json\/wp\/v2\/users\/6"}],"replies":[{"embeddable":true,"href":"https:\/\/blogs.ideal.es\/abocajarro\/wp-json\/wp\/v2\/comments?post=52"}],"version-history":[{"count":0,"href":"https:\/\/blogs.ideal.es\/abocajarro\/wp-json\/wp\/v2\/posts\/52\/revisions"}],"wp:attachment":[{"href":"https:\/\/blogs.ideal.es\/abocajarro\/wp-json\/wp\/v2\/media?parent=52"}],"wp:term":[{"taxonomy":"category","embeddable":true,"href":"https:\/\/blogs.ideal.es\/abocajarro\/wp-json\/wp\/v2\/categories?post=52"},{"taxonomy":"post_tag","embeddable":true,"href":"https:\/\/blogs.ideal.es\/abocajarro\/wp-json\/wp\/v2\/tags?post=52"}],"curies":[{"name":"wp","href":"https:\/\/api.w.org\/{rel}","templated":true}]}}